{"id":3323,"date":"2019-01-29T12:59:03","date_gmt":"2019-01-29T11:59:03","guid":{"rendered":"https:\/\/serwer1768828.home.pl\/autoinstalator\/wordpress\/?p=3323"},"modified":"2019-01-29T12:59:03","modified_gmt":"2019-01-29T11:59:03","slug":"zmuszac-czy-poczekac-az-same-zdecyduja-ze-sa-na-to-gotowe-zegnanie-z-pielucha-po-naszemu","status":"publish","type":"post","link":"http:\/\/oktorejkawa.com\/?p=3323","title":{"rendered":"Zmusza\u0107, czy poczeka\u0107 a\u017c same zdecyduj\u0105, \u017ce s\u0105 na to gotowe? \u017begnanie z pieluch\u0105 po naszemu."},"content":{"rendered":"<p style=\"text-align: justify;\">Oduczanie malucha za\u0142atwiania si\u0119 w pieluch\u0119 to nie lada wyzwanie dla rodzic\u00f3w, ale i dla dziecka.<\/p>\n<p style=\"text-align: justify;\">By\u0142y wakacje 2017 roku kiedy znajoma zapyta\u0142a mnie czy przyzwyczajam Weronik\u0119 do nocnika. Moja pierwsza my\u015bl: serio? ju\u017c? Weronika mia\u0142a wtedy ok. 9 miesi\u0119cy. Nie umia\u0142a m\u00f3wi\u0107, niewiele rozumia\u0142a. Sadzanie tak ma\u0142ego dziecka na nocnik to dla mnie abstrakcja. Nawet nie spr\u00f3bowa\u0142am. Temat nocnika wtedy nie by\u0142 dla mnie. Marzy\u0142am o tym, \u017ceby zacz\u0119\u0142a chodzi\u0107. Poczeka\u0142am. Czy d\u0142ugo? Wed\u0142ug mnie nie. Je\u015bli mam by\u0107 szczera, to jestem bardzo zadowolona, \u017ce poczeka\u0142am.<\/p>\n<p style=\"text-align: justify;\">12 stycznia 2019 roku kupi\u0142am jej nocnik. Bez 'bajer\u00f3w&#8217; , zwyk\u0142y w Rossmanie za 8zl. Bez melodyjki, miejsca na papier, zwierzaczk\u00f3w i innych historyjek. Dlaczego taki? Bo obawia\u0142am si\u0119, \u017ce mo\u017ce by\u0107 podobnie jak z Dominikiem, \u017ce wystraszy si\u0119 niepotrzebnie odg\u0142osu z nocnika i nie b\u0119dzie chcia\u0142a na niego usi\u0105\u015b\u0107. I na kupnie nocnika nasze przygotowania do po\u017cegnania pieluchy si\u0119 sko\u0144czy\u0142y. Dopiero po paru dniach wybra\u0142am si\u0119 z Weronik\u0105 po odpowiedni\u0105 bielizn\u0119 dla niej. Do tej pory u\u017cywa\u0142y\u015bmy jedynie body.<\/p>\n<p style=\"text-align: justify;\">Cz\u0119sto s\u0142ysz\u0119 opowie\u015bci kobiet, kt\u00f3re maj\u0105 ju\u017c doros\u0142e dzieci, jak kiedy\u015b dzieci wo\u0142a\u0142y na nocnik jeszcze przed pierwszymi urodzinami, i jakie to my matki teraz jeste\u015bmy wygodne i leniwe. W czasach pieluch tetrowych kobiety faktycznie mia\u0142y wi\u0119cej motywacji do szybkiego nauczenia dziecka za\u0142atwiania si\u0119 na nocnik. Ci\u0105g\u0142e pranie, suszenie i prasowanie pieluch to naprawd\u0119 du\u017ce wyzwanie. Dzieciom pokolenia pieluszek jednorazowych jest wygodniej, rodzicom te\u017c. Z pewno\u015bci\u0105 wygoda jest powodem przesuwania si\u0119 wieku dzieci, kt\u00f3re samodzielnie za\u0142atwiaj\u0105 swoje potrzeby. Nam jest wygodnie i r\u00f3wnie\u017c odpuszczamy. Uwa\u017cam, \u017ce dop\u00f3ki nam to nie przeszkadza mo\u017cemy sobie pozwoli\u0107 na wygod\u0119.<\/p>\n<p style=\"text-align: justify;\"><img fetchpriority=\"high\" decoding=\"async\" class=\" wp-image-3325 aligncenter\" src=\"https:\/\/serwer1768828.home.pl\/autoinstalator\/wordpress\/wp-content\/uploads\/2019\/01\/51114379_537499173430870_933692827492155392_n-187x300.jpg\" alt=\"\" width=\"203\" height=\"326\" srcset=\"http:\/\/oktorejkawa.com\/wp-content\/uploads\/2019\/01\/51114379_537499173430870_933692827492155392_n-187x300.jpg 187w, http:\/\/oktorejkawa.com\/wp-content\/uploads\/2019\/01\/51114379_537499173430870_933692827492155392_n-768x1235.jpg 768w, http:\/\/oktorejkawa.com\/wp-content\/uploads\/2019\/01\/51114379_537499173430870_933692827492155392_n-637x1024.jpg 637w, http:\/\/oktorejkawa.com\/wp-content\/uploads\/2019\/01\/51114379_537499173430870_933692827492155392_n.jpg 1127w\" sizes=\"(max-width: 203px) 100vw, 203px\" \/><\/p>\n<p style=\"text-align: justify;\">Moja zasada w odpieluchowaniu czy oduczaniu smoczka- NIC NA SI\u0141\u0118.<\/p>\n<p style=\"text-align: justify;\">Nic na si\u0142\u0119, ale mi\u0142o by\u0142oby gdyby Weronika do wrze\u015bnia po\u017cegna\u0142a si\u0119 z pieluch\u0105. Od wrze\u015bnia idzie do przedszkola, a warunkiem przyj\u0119cia jest samodzielno\u015b\u0107 w za\u0142atwianiu potrzeb fizjologicznych. Jest koniec STYCZNIA, a Weronika \u015bmiga i \u015bpi bez pampersa. M\u00f3j ma\u0142y osobisty matczyny sukces (nie to co z karmieniem). U nas wygl\u0105da\u0142o to tak: pewnego dnia nie za\u0142o\u017cy\u0142am Weronice pampersa. Chodzi\u0142a bez niego, a ja co jaki\u015b czas pyta\u0142am czy chce siusiu. Te moje pytania nie jednego doros\u0142ego by zabi\u0142y. Mniej wi\u0119cej co godzin\u0119 wysadza\u0142am j\u0105 na nocnik je\u017celi wyra\u017ca\u0142a na to ch\u0119\u0107 (nic na si\u0142\u0119! ). Pierwszy i drugi dzie\u0144 by\u0142 bez wpadki. Trzeciego dnia by\u0142o przebieranie. Na nasze pierwsze wyj\u015bcie odwa\u017cy\u0142am si\u0119 pu\u015bci\u0107 j\u0105 bez pieluchy. Niestety, przed wyj\u015bciem nie chcia\u0142a usi\u0105\u015b\u0107 na nocnik i w centrum zabaw dla dzieci (nasze popularne &#8222;kulki&#8221;) zaliczyli\u015bmy mokr\u0105 wpadk\u0119. W ten dzie\u0144 sama zadecydowa\u0142a, \u017ce nie chce ju\u017c pampersa na noc. I tak \u015bmia\u0142o mog\u0119 powiedzie\u0107, \u017ce wtedy Weronika po\u017cegna\u0142a si\u0119 z pampersem \ud83d\ude42 . W pierwszym tygodniu mia\u0142a problem z zawo\u0142aniem, \u017ce chce kupk\u0119, ale w ko\u0144cu rozumia\u0142a o co chodzi, i jak to nazwa\u0107 i ju\u017c wo\u0142a. Nauka szybko nam posz\u0142a. My\u015bl\u0119, \u017ce du\u017ce znaczenie ma to, \u017ce Weronika mia\u0142a kogo obserwowa\u0107. Ma 26 miesi\u0119cy i nie nosi pieluchy :).<\/p>\n<p style=\"text-align: justify;\">Pami\u0119taj! Nic na si\u0142\u0119. Ka\u017cde dziecko jest inne i do ka\u017cdego nale\u017cy podej\u015b\u0107 indywidualnie. To rodzic najlepiej wie czy dziecko jest gotowe na zmiany, czy warto jeszcze poczeka\u0107. Nie wysadzaj dziecka na nocnik czy toalet\u0119 je\u015bli nie ma na to ochoty &#8211; mo\u017cesz tym wystraszy\u0107 i zniech\u0119ci\u0107. Dla mnie odpieluchwanie w 26. miesi\u0105cu to sukces, dla innych mo\u017ce wyda\u0107 si\u0119 to bardzo p\u00f3\u017ano, a dla jeszcze innych za wcze\u015bnie, dlatego ka\u017cde dziecko nale\u017cy traktowa\u0107 indywidualnie. Je\u017celi jeste\u015b ciekawa jak posz\u0142o mi z Dominikiem, zajrzyj pod ten link ( <a href=\"https:\/\/serwer1768828.home.pl\/autoinstalator\/wordpress\/?p=259\">Chyba musimy si\u0119 rozsta\u0107.)<\/a>. Dowiesz si\u0119 r\u00f3wnie\u017c jakie rady udziela Olka, mama 3 dzieci.<\/p>\n<p>&nbsp;<\/p>\n","protected":false},"excerpt":{"rendered":"<p>Oduczanie malucha za\u0142atwiania si\u0119 w pieluch\u0119 to nie lada wyzwanie dla rodzic\u00f3w, ale i dla dziecka. By\u0142y wakacje 2017 roku kiedy znajoma zapyta\u0142a mnie czy przyzwyczajam Weronik\u0119 do nocnika. Moja pierwsza my\u015bl: serio? ju\u017c? Weronika mia\u0142a wtedy ok. 9 miesi\u0119cy. Nie umia\u0142a m\u00f3wi\u0107, niewiele rozumia\u0142a. Sadzanie tak ma\u0142ego dziecka na nocnik to dla mnie abstrakcja. [&hellip;]<\/p>\n","protected":false},"author":4,"featured_media":3324,"comment_status":"open","ping_status":"open","sticky":false,"template":"","format":"standard","meta":{"ngg_post_thumbnail":0,"ocean_post_layout":"","ocean_both_sidebars_style":"","ocean_both_sidebars_content_width":0,"ocean_both_sidebars_sidebars_width":0,"ocean_sidebar":"","ocean_second_sidebar":"","ocean_disable_margins":"enable","ocean_add_body_class":"","ocean_shortcode_before_top_bar":"","ocean_shortcode_after_top_bar":"","ocean_shortcode_before_header":"","ocean_shortcode_after_header":"","ocean_has_shortcode":"","ocean_shortcode_after_title":"","ocean_shortcode_before_footer_widgets":"","ocean_shortcode_after_footer_widgets":"","ocean_shortcode_before_footer_bottom":"","ocean_shortcode_after_footer_bottom":"","ocean_display_top_bar":"default","ocean_display_header":"default","ocean_header_style":"","ocean_center_header_left_menu":"","ocean_custom_header_template":"","ocean_custom_logo":0,"ocean_custom_retina_logo":0,"ocean_custom_logo_max_width":0,"ocean_custom_logo_tablet_max_width":0,"ocean_custom_logo_mobile_max_width":0,"ocean_custom_logo_max_height":0,"ocean_custom_logo_tablet_max_height":0,"ocean_custom_logo_mobile_max_height":0,"ocean_header_custom_menu":"","ocean_menu_typo_font_family":"","ocean_menu_typo_font_subset":"","ocean_menu_typo_font_size":0,"ocean_menu_typo_font_size_tablet":0,"ocean_menu_typo_font_size_mobile":0,"ocean_menu_typo_font_size_unit":"px","ocean_menu_typo_font_weight":"","ocean_menu_typo_font_weight_tablet":"","ocean_menu_typo_font_weight_mobile":"","ocean_menu_typo_transform":"","ocean_menu_typo_transform_tablet":"","ocean_menu_typo_transform_mobile":"","ocean_menu_typo_line_height":0,"ocean_menu_typo_line_height_tablet":0,"ocean_menu_typo_line_height_mobile":0,"ocean_menu_typo_line_height_unit":"","ocean_menu_typo_spacing":0,"ocean_menu_typo_spacing_tablet":0,"ocean_menu_typo_spacing_mobile":0,"ocean_menu_typo_spacing_unit":"","ocean_menu_link_color":"","ocean_menu_link_color_hover":"","ocean_menu_link_color_active":"","ocean_menu_link_background":"","ocean_menu_link_hover_background":"","ocean_menu_link_active_background":"","ocean_menu_social_links_bg":"","ocean_menu_social_hover_links_bg":"","ocean_menu_social_links_color":"","ocean_menu_social_hover_links_color":"","ocean_disable_title":"default","ocean_disable_heading":"default","ocean_post_title":"","ocean_post_subheading":"","ocean_post_title_style":"","ocean_post_title_background_color":"","ocean_post_title_background":0,"ocean_post_title_bg_image_position":"","ocean_post_title_bg_image_attachment":"","ocean_post_title_bg_image_repeat":"","ocean_post_title_bg_image_size":"","ocean_post_title_height":0,"ocean_post_title_bg_overlay":0.5,"ocean_post_title_bg_overlay_color":"","ocean_disable_breadcrumbs":"default","ocean_breadcrumbs_color":"","ocean_breadcrumbs_separator_color":"","ocean_breadcrumbs_links_color":"","ocean_breadcrumbs_links_hover_color":"","ocean_display_footer_widgets":"default","ocean_display_footer_bottom":"default","ocean_custom_footer_template":"","ocean_post_oembed":"","ocean_post_self_hosted_media":"","ocean_post_video_embed":"","ocean_link_format":"","ocean_link_format_target":"self","ocean_quote_format":"","ocean_quote_format_link":"post","ocean_gallery_link_images":"off","ocean_gallery_id":[],"footnotes":""},"categories":[4],"tags":[298,2588,2596,2592,2590,2594],"class_list":["post-3323","post","type-post","status-publish","format-standard","has-post-thumbnail","hentry","category-blog","tag-dziecko-pl","tag-nocnik","tag-odpieluchowanie","tag-pampers","tag-pielucha","tag-wyzwanie","entry","has-media"],"aioseo_notices":[],"_links":{"self":[{"href":"http:\/\/oktorejkawa.com\/index.php?rest_route=\/wp\/v2\/posts\/3323","targetHints":{"allow":["GET"]}}],"collection":[{"href":"http:\/\/oktorejkawa.com\/index.php?rest_route=\/wp\/v2\/posts"}],"about":[{"href":"http:\/\/oktorejkawa.com\/index.php?rest_route=\/wp\/v2\/types\/post"}],"author":[{"embeddable":true,"href":"http:\/\/oktorejkawa.com\/index.php?rest_route=\/wp\/v2\/users\/4"}],"replies":[{"embeddable":true,"href":"http:\/\/oktorejkawa.com\/index.php?rest_route=%2Fwp%2Fv2%2Fcomments&post=3323"}],"version-history":[{"count":1,"href":"http:\/\/oktorejkawa.com\/index.php?rest_route=\/wp\/v2\/posts\/3323\/revisions"}],"predecessor-version":[{"id":3326,"href":"http:\/\/oktorejkawa.com\/index.php?rest_route=\/wp\/v2\/posts\/3323\/revisions\/3326"}],"wp:featuredmedia":[{"embeddable":true,"href":"http:\/\/oktorejkawa.com\/index.php?rest_route=\/wp\/v2\/media\/3324"}],"wp:attachment":[{"href":"http:\/\/oktorejkawa.com\/index.php?rest_route=%2Fwp%2Fv2%2Fmedia&parent=3323"}],"wp:term":[{"taxonomy":"category","embeddable":true,"href":"http:\/\/oktorejkawa.com\/index.php?rest_route=%2Fwp%2Fv2%2Fcategories&post=3323"},{"taxonomy":"post_tag","embeddable":true,"href":"http:\/\/oktorejkawa.com\/index.php?rest_route=%2Fwp%2Fv2%2Ftags&post=3323"}],"curies":[{"name":"wp","href":"https:\/\/api.w.org\/{rel}","templated":true}]}}