{"id":3095,"date":"2018-09-20T13:56:50","date_gmt":"2018-09-20T12:56:50","guid":{"rendered":"https:\/\/serwer1768828.home.pl\/autoinstalator\/wordpress\/?p=3095"},"modified":"2018-09-21T10:30:28","modified_gmt":"2018-09-21T09:30:28","slug":"nauczyciel-nie-zawsze-ma-racje-a-uczen-zawsze-ma-prawo","status":"publish","type":"post","link":"http:\/\/oktorejkawa.com\/?p=3095","title":{"rendered":"Nauczyciel NIE ZAWSZE ma racj\u0119."},"content":{"rendered":"<p><span style=\"color: #2d2d2d;\"><span style=\"font-family: 'Times New Roman', serif;\"><span style=\"font-size: medium;\">Sprawa nauczyciela z G\u0142ogowa od ponad tygodniu wzbudza emocje. Przypomn\u0119: nauczyciel zosta\u0142 (prawdopodobnie &#8211; okolicznosci wci\u0105\u017c s\u0105 badane) s\u0142ownie SPROWOKOWANY przez AGRESYWNEGO ucznia, u\u017cy\u0142 wobec niego PRZEMOCY FIZYCZNEJ policzkuj\u0105c go w OBECNO\u015aCI JEGO KOLEG\u00d3W w gabinecie lekcyjnym.\u00a0 Ca\u0142e zaj\u015bcie zosta\u0142o przez jednego z koleg\u00f3w ucznia nagrane i OPUBLIKOWANE w sieci i w ten spos\u00f3b o NAGANNYM ZACHOWANIU NAUCZYCIELA dowiedzia\u0142a si\u0119 ca\u0142a Polska&#8230;<\/span><\/span><\/span><\/p>\n<p><span style=\"color: #2d2d2d;\"><span style=\"font-family: 'Times New Roman', serif;\"><span style=\"font-size: medium;\">Wszystkie sytuacje, kt\u00f3re nie powinny mie\u0107 miejsca w szkole, zapisa\u0142am celowo wielkimi literami&#8230;<\/span><\/span><\/span><\/p>\n<p><span style=\"color: #2d2d2d;\"><span style=\"font-family: 'Times New Roman', serif;\"><span style=\"font-size: medium;\">Ucze\u0144 nie powinien prowokowa\u0107, a nauczycielowi NIE WOLNO prowokacji ulec. Ucze\u0144 nie powinien by\u0107 agresywny, a nauczycielowi NIE WOLNO tej agresji odwzajemni\u0107. Ucze\u0144 nie powinien swojej s\u0142ownej agresji rozwija\u0107 do r\u0119koczyn\u00f3w, a nauczycielowi NIE WOLNO naruszy\u0107 nietykalno\u015bci cielesnej ucznia.\u00a0 Tak dzia\u0142a prawo. Nie kwestionuj\u0119 jego zapis\u00f3w. Uwa\u017cam, \u017ce s\u0105 s\u0142uszne. W praktyce r\u00f3wnie\u017c wygl\u0105da to tak, \u017ce ucze\u0144 \u201enie powinien\u201d, a nauczycielowi \u201eNIE WOLNO\u201d. Bo ucze\u0144 jest w szkole PODMIOTEM, a nauczyciel jedynie PRZEDMIOTEM w procesie edukacji (to ju\u017c moje w\u0142asne spostrze\u017cenia). Ucze\u0144 jest najwa\u017cniejszy i wci\u0105\u017c si\u0119 rozwija, uczy, cz\u0119sto na b\u0142\u0119dach. Dlatego jemu wolno wi\u0119cej. Nauczyciel za\u015b powinien by\u0107 ju\u017c DO\u015aWIADCZONY (nawet je\u015bli dopiero rozpocz\u0105\u0142 prac\u0119 w szkole &#8211; do klasy wchodzi sam, bez do\u015bwiadczonego 'supervisora&#8217;), nie wolno mu pope\u0142nia\u0107 b\u0142\u0119d\u00f3w, bo jest doros\u0142y i JEST PEDAGOGIEM, a do tego posiada \u201eodpowiednie przygotowanie\u201d do zawodu, udokumentowane: dyplomem uko\u0144czenia studi\u00f3w, certyfikatem \u015bwiadcz\u0105cym o przygotowaniu pedagogicznym, badaniami lekarskimi (badanie wzroku, s\u0142uchu, badanie laryngologiczne). Zatem nawet je\u015bli w \u015bwietle prawa, nauczyciel dopu\u015bci\u0142 si\u0119 naruszenia nietykalno\u015bci cielesnej ucznia pod wp\u0142ywem jego \u201ewyzywaj\u0105cego zachowania\u201d, to taki ucze\u0144 wci\u0105\u017c jest w sprawie POKRZYWDZONYM, a nauczyciel zawsze b\u0119dzie spawc\u0105. <\/span><\/span><\/span><\/p>\n<p><span style=\"color: #2d2d2d;\"><span style=\"font-family: 'Times New Roman', serif;\"><span style=\"font-size: medium;\">Nie zamierzam z takimi przepisami dyskutowa\u0107, od lat funkcjonuj\u0105 i sprawdzaj\u0105 si\u0119 w praktyce.<\/span><\/span><\/span><\/p>\n<p><span style=\"color: #2d2d2d;\"><span style=\"font-family: 'Times New Roman', serif;\"><span style=\"font-size: medium;\">Mam jednak kluczowe pytanie: kto zdecydowa\u0142 o tym, \u017ce nauczyciel to jednostka nadludzka, pozbawiona emocji, potrafi\u0105ca opanowa\u0107 si\u0119 od wszelkiej agresji nawet w przypadku skrajnej prowokacji swoich podopiecznych? Sk\u0105d wzi\u0119\u0142o si\u0119 prze\u015bwiadczenie, \u017ce nauczyciel MUSI by\u0107 mistrzem swoich emocjami i \u017cyw\u0105 oaz\u0105 spokoju? Czym warunkowane jest przekonanie, a nawet wym\u00f3g, by nauczyciel posiada\u0142 umiej\u0119tno\u015bci radzenia sobie w sytuacjach patologicznych, a czasami skrajnie patologicznych? Kiedy tych umiej\u0119tno\u015bci nauczyciel mia\u0142by si\u0119 nauczy\u0107?<\/span><\/span><\/span><\/p>\n<p><span style=\"color: #2d2d2d;\"><span style=\"font-family: 'Times New Roman', serif;\"><span style=\"font-size: medium;\">Jestem nauczycielem od ponad 13-tu lat, zacz\u0119\u0142am prac\u0119 w szkole zaraz po studiach wy\u017cszych pierwszego stopnia, jeszcze w trakcie robienia \u201emagisterki\u201d. Jednak ani w trakcie trwania studi\u00f3w, ani przez kolejne lata pracy w szkole nie do\u015bwiadczy\u0142am ANI JEDNEGO szkolenia w dziedzinie radzenia sobie z agresywnym zachowaniem ucznia, poza tymi, kt\u00f3rych na w\u0142\u0105sn\u0105 poszuka\u0142am w internecie. Podczas gdy uczniowie uczestnicz\u0105 w spotkaniach z pedagogiem, psychologiem, policj\u0105, uczestnicz\u0105 w kursach radzenia sobie ze stresem, panowania nad emocjami, od ich wychowawc\u00f3w wymaga si\u0119 by takie umiej\u0119tno\u015bci przynie\u015bli do szko\u0142y w genach! Na studiach uczy sie nas metod nauczania, m\u00f3wi jak pracowa\u0107 z uczniem z trudno\u015bciami w nauce, oraz jak wspomaga\u0107 tego wybitnie uzdolnionego. Jednak o metodach radzenia sobie z trudnym zachowaniem uczni\u00f3w nie ma mowy.<\/span><\/span><\/span><\/p>\n<p><span style=\"color: #2d2d2d;\"><span style=\"font-family: 'Times New Roman', serif;\"><span style=\"font-size: medium;\">Ma\u0142o tego. Wiadomo, \u017ce nie wszyscy mamy r\u00f3wne predyspozycje do wykonywania naszego zawodu, ale nikomu nie wpad\u0142o do g\u0142owy by w procesie szkolenia i weryfikacji przysz\u0142ych nauczycieli pojawi\u0142y si\u0119 testy psychologiczne badaj\u0105ce ich przystosowanie do zawodu. Kiedy ju\u017c trafimy jako nauczyciele w \u015brodowisko szkolne, nikt cyklicznie nie bada naszego zdrowia psychicznego, a przecie\u017c pracujemy z nieletnimi i to od nas zale\u017cy ich bezpiecze\u0144stwo w szkole. <\/span><\/span><\/span><\/p>\n<p><span style=\"color: #2d2d2d;\"><span style=\"font-family: 'Times New Roman', serif;\"><span style=\"font-size: medium;\">Nie znam osobi\u015bcie nauczyciela z G\u0142ogowa, o kt\u00f3rym us\u0142yszeli\u015bmy w minionym tygodniu. Nie odwa\u017c\u0119 si\u0119 ani otwarcie go broni\u0107, ani pot\u0119pi\u0107 jednoznacznie jego zachowanie, cho\u0107 sam czyn nigdy nie powinien by\u0142 mie\u0107 miejsca w szkole. Nie wiem czy stara\u0142 si\u0119 przed ca\u0142ym wydarzeniem zapobiec mu w jakikolwiek spos\u00f3b, zg\u0142aszaj\u0105c problemy wychowawcze z uczniami u dyrektora, czy konsultowa\u0142 si\u0119 ze szkolnym pedagogiem, czy w ko\u0144cu (i jak d\u0142ugo, jakimi metodami) pr\u00f3bowa\u0142 bezskutecznie opanowa\u0107 nerwow\u0105 sytuacj\u0119 w klasie. Czy by\u0142 nauczycielem z tzw. powo\u0142ania? A mo\u017ce wiele lat temu trafi\u0142 do szko\u0142y przez przypadek? Sama d\u0142ugo\u015b\u0107 sta\u017cu pracy nie musi \u015bwiadczy\u0107 o lepszym przygotowaniu do zawodu. Cho\u0107 by\u0107 mo\u017ce nie tyczy si\u0119 to akurat tego nauczyciela. Ale skoro w finale okaza\u0142 swoj\u0105 s\u0142abo\u015b\u0107, to niezaprzeczalnie nie zadzia\u0142a\u0142 system, kt\u00f3ry z za\u0142o\u017cenia powinien chroni\u0107 zar\u00f3wno uczni\u00f3w, jak i nauczycieli przed podobnymi zdarzeniami.<\/span><\/span><\/span><\/p>\n<p><span style=\"color: #2d2d2d;\"><span style=\"font-family: 'Times New Roman', serif;\"><span style=\"font-size: medium;\">W\u015br\u00f3d moich koleg\u00f3w po fachu, przewa\u017caj\u0105ca wi\u0119kszo\u015b\u0107 to <b>cudowni ludzie, nauczyciele z powo\u0142aniem, m\u0105drzy, dobrze wykszta\u0142ceni, stabilni emocjonalnie pedagodzy, pe\u0142ni empatii, mocno zaanga\u017cowani w proces edukacyjny naszych uczni\u00f3w wychowawcy, gotowi do po\u015bwi\u0119ce\u0144 dla dobra swoich podopiecznych<\/b>. Wiem jednak, \u017ce zdarzaj\u0105 si\u0119 jednostki, kt\u00f3re z zawodowym stresem i zakresem obowi\u0105zk\u00f3w zwyczajnie sobie nie radz\u0105. Niestety, to te pojedyncze jednostki wyrobi\u0105 opini\u0119 o ca\u0142ej grupie, bo spo\u0142ecze\u0144stwo zawsze zapami\u0119tuje to co szokuj\u0105ce&#8230; <\/span><\/span><\/span><\/p>\n<p><span style=\"color: #2d2d2d;\"><span style=\"font-family: 'Times New Roman', serif;\"><span style=\"font-size: medium;\">Ka\u017cdy z nas ma marzenia, jedni chc\u0105 by\u0107 przedsi\u0119biorcami, czy str\u00f3\u017cami prawa, inni artystami, jeszcze inni chc\u0105 uczy\u0107 w szkole. Wielokrotnie jednak weryfikacja tych ch\u0119ci wzgl\u0119dem umiej\u0119tno\u015bci, czy predyspozycji wydaje si\u0119 konieczna. Predyspozycji do wykonywania zawodu nauczyciela, niestety, nikt nie weryfikuje. I to czasami staje si\u0119 tragedi\u0105 nie tylko samych nauczycieli, kt\u00f3rzy nietrafnie dobrali sobie zaw\u00f3d, ale r\u00f3wnie\u017c ich uczni\u00f3w:(<\/span><\/span><\/span><\/p>\n<p><span style=\"color: #2d2d2d;\"><span style=\"font-family: 'Times New Roman', serif;\"><span style=\"font-size: medium;\">ps. Kocham swoj\u0105 prac\u0119 \ud83d\ude09<\/span><\/span><\/span><\/p>\n<p><img fetchpriority=\"high\" decoding=\"async\" class=\"alignnone size-medium wp-image-3100\" src=\"https:\/\/serwer1768828.home.pl\/autoinstalator\/wordpress\/wp-content\/uploads\/2018\/09\/41968575_1329125403889537_7535487930052116480_n-225x300.jpg\" alt=\"\" width=\"225\" height=\"300\" srcset=\"http:\/\/oktorejkawa.com\/wp-content\/uploads\/2018\/09\/41968575_1329125403889537_7535487930052116480_n-225x300.jpg 225w, http:\/\/oktorejkawa.com\/wp-content\/uploads\/2018\/09\/41968575_1329125403889537_7535487930052116480_n.jpg 720w\" sizes=\"(max-width: 225px) 100vw, 225px\" \/><\/p>\n","protected":false},"excerpt":{"rendered":"<p>Sprawa nauczyciela z G\u0142ogowa od ponad tygodniu wzbudza emocje. Przypomn\u0119: nauczyciel zosta\u0142 (prawdopodobnie &#8211; okolicznosci wci\u0105\u017c s\u0105 badane) s\u0142ownie SPROWOKOWANY przez AGRESYWNEGO ucznia, u\u017cy\u0142 wobec niego PRZEMOCY FIZYCZNEJ policzkuj\u0105c go w OBECNO\u015aCI JEGO KOLEG\u00d3W w gabinecie lekcyjnym.\u00a0 Ca\u0142e zaj\u015bcie zosta\u0142o przez jednego z koleg\u00f3w ucznia nagrane i OPUBLIKOWANE w sieci i w ten spos\u00f3b o [&hellip;]<\/p>\n","protected":false},"author":5,"featured_media":3099,"comment_status":"open","ping_status":"open","sticky":false,"template":"","format":"standard","meta":{"ngg_post_thumbnail":0,"ocean_post_layout":"","ocean_both_sidebars_style":"","ocean_both_sidebars_content_width":0,"ocean_both_sidebars_sidebars_width":0,"ocean_sidebar":"","ocean_second_sidebar":"","ocean_disable_margins":"enable","ocean_add_body_class":"","ocean_shortcode_before_top_bar":"","ocean_shortcode_after_top_bar":"","ocean_shortcode_before_header":"","ocean_shortcode_after_header":"","ocean_has_shortcode":"","ocean_shortcode_after_title":"","ocean_shortcode_before_footer_widgets":"","ocean_shortcode_after_footer_widgets":"","ocean_shortcode_before_footer_bottom":"","ocean_shortcode_after_footer_bottom":"","ocean_display_top_bar":"default","ocean_display_header":"default","ocean_header_style":"","ocean_center_header_left_menu":"","ocean_custom_header_template":"","ocean_custom_logo":0,"ocean_custom_retina_logo":0,"ocean_custom_logo_max_width":0,"ocean_custom_logo_tablet_max_width":0,"ocean_custom_logo_mobile_max_width":0,"ocean_custom_logo_max_height":0,"ocean_custom_logo_tablet_max_height":0,"ocean_custom_logo_mobile_max_height":0,"ocean_header_custom_menu":"","ocean_menu_typo_font_family":"","ocean_menu_typo_font_subset":"","ocean_menu_typo_font_size":0,"ocean_menu_typo_font_size_tablet":0,"ocean_menu_typo_font_size_mobile":0,"ocean_menu_typo_font_size_unit":"px","ocean_menu_typo_font_weight":"","ocean_menu_typo_font_weight_tablet":"","ocean_menu_typo_font_weight_mobile":"","ocean_menu_typo_transform":"","ocean_menu_typo_transform_tablet":"","ocean_menu_typo_transform_mobile":"","ocean_menu_typo_line_height":0,"ocean_menu_typo_line_height_tablet":0,"ocean_menu_typo_line_height_mobile":0,"ocean_menu_typo_line_height_unit":"","ocean_menu_typo_spacing":0,"ocean_menu_typo_spacing_tablet":0,"ocean_menu_typo_spacing_mobile":0,"ocean_menu_typo_spacing_unit":"","ocean_menu_link_color":"","ocean_menu_link_color_hover":"","ocean_menu_link_color_active":"","ocean_menu_link_background":"","ocean_menu_link_hover_background":"","ocean_menu_link_active_background":"","ocean_menu_social_links_bg":"","ocean_menu_social_hover_links_bg":"","ocean_menu_social_links_color":"","ocean_menu_social_hover_links_color":"","ocean_disable_title":"default","ocean_disable_heading":"default","ocean_post_title":"","ocean_post_subheading":"","ocean_post_title_style":"","ocean_post_title_background_color":"","ocean_post_title_background":0,"ocean_post_title_bg_image_position":"","ocean_post_title_bg_image_attachment":"","ocean_post_title_bg_image_repeat":"","ocean_post_title_bg_image_size":"","ocean_post_title_height":0,"ocean_post_title_bg_overlay":0.5,"ocean_post_title_bg_overlay_color":"","ocean_disable_breadcrumbs":"default","ocean_breadcrumbs_color":"","ocean_breadcrumbs_separator_color":"","ocean_breadcrumbs_links_color":"","ocean_breadcrumbs_links_hover_color":"","ocean_display_footer_widgets":"default","ocean_display_footer_bottom":"default","ocean_custom_footer_template":"","ocean_post_oembed":"","ocean_post_self_hosted_media":"","ocean_post_video_embed":"","ocean_link_format":"","ocean_link_format_target":"self","ocean_quote_format":"","ocean_quote_format_link":"post","ocean_gallery_link_images":"off","ocean_gallery_id":[],"footnotes":""},"categories":[4],"tags":[2250,2260,2258,2262,2264,2252,2248,2266,2254,2256,2268,324],"class_list":["post-3095","post","type-post","status-publish","format-standard","has-post-thumbnail","hentry","category-blog","tag-agresja-w-szkole","tag-agresywny-nauczyciel","tag-agresywny-uczen","tag-mama-nauczycielka","tag-nauczyciel-pl","tag-nauczyciel-uderzyl-ucznia","tag-nauczyciel-vs-uczen","tag-przemoc-pl","tag-przygotowanie-do-zawodu-nauczyciela","tag-studia-pedagogiczne","tag-szkola-pl","tag-wychowanie-pl","entry","has-media"],"aioseo_notices":[],"_links":{"self":[{"href":"http:\/\/oktorejkawa.com\/index.php?rest_route=\/wp\/v2\/posts\/3095","targetHints":{"allow":["GET"]}}],"collection":[{"href":"http:\/\/oktorejkawa.com\/index.php?rest_route=\/wp\/v2\/posts"}],"about":[{"href":"http:\/\/oktorejkawa.com\/index.php?rest_route=\/wp\/v2\/types\/post"}],"author":[{"embeddable":true,"href":"http:\/\/oktorejkawa.com\/index.php?rest_route=\/wp\/v2\/users\/5"}],"replies":[{"embeddable":true,"href":"http:\/\/oktorejkawa.com\/index.php?rest_route=%2Fwp%2Fv2%2Fcomments&post=3095"}],"version-history":[{"count":5,"href":"http:\/\/oktorejkawa.com\/index.php?rest_route=\/wp\/v2\/posts\/3095\/revisions"}],"predecessor-version":[{"id":3102,"href":"http:\/\/oktorejkawa.com\/index.php?rest_route=\/wp\/v2\/posts\/3095\/revisions\/3102"}],"wp:featuredmedia":[{"embeddable":true,"href":"http:\/\/oktorejkawa.com\/index.php?rest_route=\/wp\/v2\/media\/3099"}],"wp:attachment":[{"href":"http:\/\/oktorejkawa.com\/index.php?rest_route=%2Fwp%2Fv2%2Fmedia&parent=3095"}],"wp:term":[{"taxonomy":"category","embeddable":true,"href":"http:\/\/oktorejkawa.com\/index.php?rest_route=%2Fwp%2Fv2%2Fcategories&post=3095"},{"taxonomy":"post_tag","embeddable":true,"href":"http:\/\/oktorejkawa.com\/index.php?rest_route=%2Fwp%2Fv2%2Ftags&post=3095"}],"curies":[{"name":"wp","href":"https:\/\/api.w.org\/{rel}","templated":true}]}}