{"id":2885,"date":"2018-07-18T17:20:06","date_gmt":"2018-07-18T16:20:06","guid":{"rendered":"https:\/\/serwer1768828.home.pl\/autoinstalator\/wordpress\/?p=2885"},"modified":"2018-07-18T17:32:32","modified_gmt":"2018-07-18T16:32:32","slug":"kinder-party-dla-4-latka","status":"publish","type":"post","link":"http:\/\/oktorejkawa.com\/?p=2885","title":{"rendered":"Kinder Party dla 4 latka"},"content":{"rendered":"<p style=\"text-align: justify;\">Kiedy\u015b ju\u017c porusza\u0142y\u015bmy temat urodzin dzieci <a href=\"https:\/\/serwer1768828.home.pl\/autoinstalator\/wordpress\/?p=544\">(sezon na Kinder Party).<\/a> Wtedy to Olka wypowiada\u0142a si\u0119 na ten temat, ja by\u0142am zielona, bo typowo dzieci\u0119cych urodzin nie organizowa\u0142am. W tym roku robi\u0119 to po raz pierwszy. Do tej pory by\u0142y to raczej spotkania w gronie doros\u0142ych i dla doros\u0142ych. Wiadomo &#8211; jubilat i pozosta\u0142e dzieci by\u0142y najwa\u017cniejsze, ale jednak bardziej przypomina\u0142o to spotkanie doros\u0142ych, kt\u00f3rych do tej pory by\u0142o na naszych &#8222;dzieci\u0119cych&#8221; imprezach wi\u0119cej. W tym roku postanowi\u0142am to zmieni\u0107 i skupi\u0107 si\u0119 na dzieciach, chocia\u017c doros\u0142ych b\u0119dzie te\u017c spora gromadka.<\/p>\n<p><img fetchpriority=\"high\" decoding=\"async\" class=\"alignnone size-medium wp-image-2892 aligncenter\" src=\"https:\/\/serwer1768828.home.pl\/autoinstalator\/wordpress\/wp-content\/uploads\/2018\/07\/37341989_2175606382659382_5270480713974546432_n-225x300.jpg\" alt=\"\" width=\"225\" height=\"300\" srcset=\"http:\/\/oktorejkawa.com\/wp-content\/uploads\/2018\/07\/37341989_2175606382659382_5270480713974546432_n-225x300.jpg 225w, http:\/\/oktorejkawa.com\/wp-content\/uploads\/2018\/07\/37341989_2175606382659382_5270480713974546432_n-768x1024.jpg 768w, http:\/\/oktorejkawa.com\/wp-content\/uploads\/2018\/07\/37341989_2175606382659382_5270480713974546432_n.jpg 966w\" sizes=\"(max-width: 225px) 100vw, 225px\" \/><\/p>\n<p>&nbsp;<\/p>\n<p style=\"text-align: justify;\">To ju\u017c 4. urodziny Dominika. Czy pospieszy\u0142am si\u0119 z organizacj\u0105 Kinder Party? Czy 4 lata to w\u0142a\u015bciwy wiek na tego typu imprez\u0119? Na to pytanie odpowiem Wam w sierpniu. Bez do\u015bwiadczenia mog\u0119 powiedzie\u0107, \u017ce wszystko zale\u017cy od tego jakie dziecko jest. Bo je\u017celi jest zamkni\u0119te w sobie, ma\u0142o odwa\u017cne, nie chce nawi\u0105zywa\u0107 kontakt\u00f3w z r\u00f3wie\u015bnikami i, co najwa\u017cniejsze, nie chce takich urodzin, to nie r\u00f3bmy ich. Nie m\u0119czmy dziecka i siebie. Bo jaki sens ma organizowanie zabaw i r\u00f3\u017cnych atrakcji, kt\u00f3re wed\u0142ug nas s\u0105 fajne, a naszemu dziecku nie b\u0119d\u0105 sprawia\u0142y rado\u015bci? Przeczekajmy ten okres i sprawmy rado\u015b\u0107 swojemu dziecku w p\u00f3\u017aniejszym czasie. Dominik w tym roku by\u0142 na 4. urodzinach swoich r\u00f3wie\u015bnik\u00f3w i naprawd\u0119 bawi\u0142 si\u0119 bardzo dobrze. Dzieci potrzebowa\u0142y chwil\u0119 na zaaklimatyzowanie si\u0119, ale p\u00f3\u017aniej szala\u0142y w najlepsze. Dlatego te\u017c wsp\u00f3lnie podjeli\u015bmy decyzje o organizacji tego typu przyj\u0119cia.<\/p>\n<p style=\"text-align: justify;\">Dominik urodzi\u0142 si\u0119 30go lipca &#8211; idealny czas na organizowanie imprez w ogrodzie! I w\u0142a\u015bnie na taki rodzaj imprezy si\u0119 zdecydowali\u015bmy. Teraz trzymam kciuki za s\u0142oneczn\u0105 pogod\u0119, bo bez tego mo\u017ce by\u0107 ci\u0119\u017cko\u2026 Kiedy\u015b by\u0142am zachwycona animatorami i my\u015bla\u0142am, \u017ce sama te\u017c ch\u0119tnie b\u0119d\u0119 korzysta\u0142a z ich us\u0142ug, ale chc\u0119 wzi\u0105\u0107 na siebie t\u0119 rol\u0119 i zabawia\u0107 dzieci sama. Mama i tata z nosem klauna? Czemu nie? A mo\u017ce pozostali go\u015bcie te\u017c za\u0142o\u017c\u0105 noski? Oczywi\u015bcie bez zmuszania nikogo, bo nie ka\u017cdy nadaje si\u0119 do takich atrakcji, trzeba to uszanowa\u0107:). Tak czy inaczej postawili\u015bmy na ruch, dlatego dla dzieci przygotujemy r\u00f3\u017cnego rodzaju konkurencje ruchowe (m.in. tor przeszk\u00f3d), do tego ba\u0144ki mydlane (dzieci je uwielbiaj\u0105!), zdj\u0119cia z akcesoriami z foto budki (w Pepco 10szt za 4z\u0142), balony wi\u0105zane w r\u00f3\u017cne kszta\u0142ty, malowanie twarzy (o ile moja siostra si\u0119 zgodzi, bo ja mam do tego dwie lewe r\u0119ce). G\u0142\u00f3wn\u0105 atrakcj\u0105 na urodzinach b\u0119dzie zamek dmuchany. Mieli\u015bmy przyjemno\u015b\u0107 bawi\u0107 si\u0119 na imprezie z dmuchancem i uwierzcie, \u017ce wi\u0119kszo\u015b\u0107 dzieci nie chcia\u0142a z niego schodzi\u0107! I u nas pewnie dzieci mog\u0142yby tak szale\u0107 ca\u0142y dzie\u0144, ale niestety to kosztuje, dlatego znalaz\u0142am firm\u0119, kt\u00f3ra wynajmuje dmucha\u0144ce np. na 4 godziny za ni\u017csz\u0105 kwot\u0119. Dzi\u0119ki temu atrakcja ta sta\u0142a si\u0119 bardziej przyst\u0119pna. Jak to moja kole\u017canka powiedzia\u0142a &#8211; ,,nie postawisz tatusiom piwa, za to wynajmiesz dzieciom dmucha\u0144ca!\u201d :). I tutaj mamy dla Was niespodziank\u0119: je\u017celi zdecydujecie si\u0119 na wynaj\u0119cie dmuchanej\u00a0<a href=\"https:\/\/www.olx.pl\/oferta\/wynajem-dmuchanej-rakiety-plac-zabaw-CID619-IDnhNnM.html\">RAKIETY<\/a> i powo\u0142acie si\u0119 na O kt\u00f3rej kawa?!, otrzymacie 5% rabatu za wypo\u017cyczenie \ud83d\ude42 \ud83d\ude42 :).<\/p>\n<p><img decoding=\"async\" class=\"alignnone size-medium wp-image-2893 aligncenter\" src=\"https:\/\/serwer1768828.home.pl\/autoinstalator\/wordpress\/wp-content\/uploads\/2018\/07\/37314592_2175606562659364_1409668920075354112_n-286x300.jpg\" alt=\"\" width=\"286\" height=\"300\" srcset=\"http:\/\/oktorejkawa.com\/wp-content\/uploads\/2018\/07\/37314592_2175606562659364_1409668920075354112_n-286x300.jpg 286w, http:\/\/oktorejkawa.com\/wp-content\/uploads\/2018\/07\/37314592_2175606562659364_1409668920075354112_n-768x805.jpg 768w, http:\/\/oktorejkawa.com\/wp-content\/uploads\/2018\/07\/37314592_2175606562659364_1409668920075354112_n.jpg 932w\" sizes=\"(max-width: 286px) 100vw, 286px\" \/><\/p>\n<p>&nbsp;<\/p>\n<p style=\"text-align: justify;\">Osobi\u015bcie jestem zachwycona tym, \u017ce rynek atrakcji do organizacji urodzin dla dzieci si\u0119 poszerza i jest dost\u0119pny dla coraz wi\u0119kszej liczby os\u00f3b. Koszt organizacji urodzin nie jest ma\u0142y, ale kt\u00f3re imprezy nas nie kosztuj\u0105? 2. i 3. urodziny Weroniki b\u0119dziemy robi\u0107 w domu, ale ju\u017c 4. z pewno\u015bci\u0105 zrobimy w sali zabaw. To fantastyczne rozwi\u0105zanie dla dzieci urodzonych tak jak Weronika jesieni\u0105 i dla rodzin mieszkaj\u0105cych w miejskich blokowiskach, w kt\u00f3rych trudno zorganizowa\u0107 urodziny z racji metra\u017cu. Plusem organizacji takich urodzin jest na pewno porz\u0105dek w domu :).<\/p>\n<p style=\"text-align: justify;\">Przy organizacji urodzin, najwi\u0119kszym wyzwaniem b\u0119d\u0105 dzieci, z kt\u00f3rymi wsp\u00f3\u0142praca mo\u017ce by\u0107 ci\u0119\u017cka. Mam nadziej\u0119, \u017ce jednak ogarniemy to ma\u0142e towarzystwo razem z moimi pozosta\u0142ymi wspania\u0142ymi mamusiami. Pami\u0119tajmy, \u017ce w tym dniu jubilat i jego go\u015bcie s\u0105 najwa\u017cniejsi!<\/p>\n<p style=\"text-align: justify;\">\u00a0Fotorelacja z urodzin ju\u017c po 5. sierpnia!<\/p>\n","protected":false},"excerpt":{"rendered":"<p>Kiedy\u015b ju\u017c porusza\u0142y\u015bmy temat urodzin dzieci (sezon na Kinder Party). Wtedy to Olka wypowiada\u0142a si\u0119 na ten temat, ja by\u0142am zielona, bo typowo dzieci\u0119cych urodzin nie organizowa\u0142am. W tym roku robi\u0119 to po raz pierwszy. Do tej pory by\u0142y to raczej spotkania w gronie doros\u0142ych i dla doros\u0142ych. Wiadomo &#8211; jubilat i pozosta\u0142e dzieci by\u0142y [&hellip;]<\/p>\n","protected":false},"author":4,"featured_media":2891,"comment_status":"open","ping_status":"open","sticky":false,"template":"","format":"standard","meta":{"ngg_post_thumbnail":0,"ocean_post_layout":"","ocean_both_sidebars_style":"","ocean_both_sidebars_content_width":0,"ocean_both_sidebars_sidebars_width":0,"ocean_sidebar":"","ocean_second_sidebar":"","ocean_disable_margins":"enable","ocean_add_body_class":"","ocean_shortcode_before_top_bar":"","ocean_shortcode_after_top_bar":"","ocean_shortcode_before_header":"","ocean_shortcode_after_header":"","ocean_has_shortcode":"","ocean_shortcode_after_title":"","ocean_shortcode_before_footer_widgets":"","ocean_shortcode_after_footer_widgets":"","ocean_shortcode_before_footer_bottom":"","ocean_shortcode_after_footer_bottom":"","ocean_display_top_bar":"default","ocean_display_header":"default","ocean_header_style":"","ocean_center_header_left_menu":"","ocean_custom_header_template":"","ocean_custom_logo":0,"ocean_custom_retina_logo":0,"ocean_custom_logo_max_width":0,"ocean_custom_logo_tablet_max_width":0,"ocean_custom_logo_mobile_max_width":0,"ocean_custom_logo_max_height":0,"ocean_custom_logo_tablet_max_height":0,"ocean_custom_logo_mobile_max_height":0,"ocean_header_custom_menu":"","ocean_menu_typo_font_family":"","ocean_menu_typo_font_subset":"","ocean_menu_typo_font_size":0,"ocean_menu_typo_font_size_tablet":0,"ocean_menu_typo_font_size_mobile":0,"ocean_menu_typo_font_size_unit":"px","ocean_menu_typo_font_weight":"","ocean_menu_typo_font_weight_tablet":"","ocean_menu_typo_font_weight_mobile":"","ocean_menu_typo_transform":"","ocean_menu_typo_transform_tablet":"","ocean_menu_typo_transform_mobile":"","ocean_menu_typo_line_height":0,"ocean_menu_typo_line_height_tablet":0,"ocean_menu_typo_line_height_mobile":0,"ocean_menu_typo_line_height_unit":"","ocean_menu_typo_spacing":0,"ocean_menu_typo_spacing_tablet":0,"ocean_menu_typo_spacing_mobile":0,"ocean_menu_typo_spacing_unit":"","ocean_menu_link_color":"","ocean_menu_link_color_hover":"","ocean_menu_link_color_active":"","ocean_menu_link_background":"","ocean_menu_link_hover_background":"","ocean_menu_link_active_background":"","ocean_menu_social_links_bg":"","ocean_menu_social_hover_links_bg":"","ocean_menu_social_links_color":"","ocean_menu_social_hover_links_color":"","ocean_disable_title":"default","ocean_disable_heading":"default","ocean_post_title":"","ocean_post_subheading":"","ocean_post_title_style":"","ocean_post_title_background_color":"","ocean_post_title_background":0,"ocean_post_title_bg_image_position":"","ocean_post_title_bg_image_attachment":"","ocean_post_title_bg_image_repeat":"","ocean_post_title_bg_image_size":"","ocean_post_title_height":0,"ocean_post_title_bg_overlay":0.5,"ocean_post_title_bg_overlay_color":"","ocean_disable_breadcrumbs":"default","ocean_breadcrumbs_color":"","ocean_breadcrumbs_separator_color":"","ocean_breadcrumbs_links_color":"","ocean_breadcrumbs_links_hover_color":"","ocean_display_footer_widgets":"default","ocean_display_footer_bottom":"default","ocean_custom_footer_template":"","ocean_post_oembed":"","ocean_post_self_hosted_media":"","ocean_post_video_embed":"","ocean_link_format":"","ocean_link_format_target":"self","ocean_quote_format":"","ocean_quote_format_link":"post","ocean_gallery_link_images":"off","ocean_gallery_id":[],"footnotes":""},"categories":[4],"tags":[791,2111,2113,2117,2115],"class_list":["post-2885","post","type-post","status-publish","format-standard","has-post-thumbnail","hentry","category-blog","tag-dzieci-pl","tag-kinderbal","tag-przyjecie","tag-urodziny-pl","tag-zabawa","entry","has-media"],"aioseo_notices":[],"_links":{"self":[{"href":"http:\/\/oktorejkawa.com\/index.php?rest_route=\/wp\/v2\/posts\/2885","targetHints":{"allow":["GET"]}}],"collection":[{"href":"http:\/\/oktorejkawa.com\/index.php?rest_route=\/wp\/v2\/posts"}],"about":[{"href":"http:\/\/oktorejkawa.com\/index.php?rest_route=\/wp\/v2\/types\/post"}],"author":[{"embeddable":true,"href":"http:\/\/oktorejkawa.com\/index.php?rest_route=\/wp\/v2\/users\/4"}],"replies":[{"embeddable":true,"href":"http:\/\/oktorejkawa.com\/index.php?rest_route=%2Fwp%2Fv2%2Fcomments&post=2885"}],"version-history":[{"count":3,"href":"http:\/\/oktorejkawa.com\/index.php?rest_route=\/wp\/v2\/posts\/2885\/revisions"}],"predecessor-version":[{"id":2894,"href":"http:\/\/oktorejkawa.com\/index.php?rest_route=\/wp\/v2\/posts\/2885\/revisions\/2894"}],"wp:featuredmedia":[{"embeddable":true,"href":"http:\/\/oktorejkawa.com\/index.php?rest_route=\/wp\/v2\/media\/2891"}],"wp:attachment":[{"href":"http:\/\/oktorejkawa.com\/index.php?rest_route=%2Fwp%2Fv2%2Fmedia&parent=2885"}],"wp:term":[{"taxonomy":"category","embeddable":true,"href":"http:\/\/oktorejkawa.com\/index.php?rest_route=%2Fwp%2Fv2%2Fcategories&post=2885"},{"taxonomy":"post_tag","embeddable":true,"href":"http:\/\/oktorejkawa.com\/index.php?rest_route=%2Fwp%2Fv2%2Ftags&post=2885"}],"curies":[{"name":"wp","href":"https:\/\/api.w.org\/{rel}","templated":true}]}}