{"id":2851,"date":"2018-07-04T17:41:28","date_gmt":"2018-07-04T16:41:28","guid":{"rendered":"https:\/\/serwer1768828.home.pl\/autoinstalator\/wordpress\/?p=2851"},"modified":"2018-07-04T18:42:13","modified_gmt":"2018-07-04T17:42:13","slug":"2851","status":"publish","type":"post","link":"http:\/\/oktorejkawa.com\/?p=2851","title":{"rendered":"&#8222;Dlaczego nie jeste\u015b jak inne dzieci?!&#8221;&#8230;"},"content":{"rendered":"<p><span style=\"font-family: verdana, geneva, sans-serif;\">Kiedy zachowanie naszych dzieci doprawadzi nas do szewskiej pasji i roz\u0142o\u017cymy r\u0119ce z bezradno\u015bci, kiedy ju\u017c zrzucimy win\u0119 za ich zachowanie na przedszkole, koleg\u00f3w, babcie, ciocie i ich ojc\u00f3w(!!!), przychodzi moment ol\u015bnienia &#8211; zaczynamy dostrzega\u0107, \u017ce patrzymy w lustro&#8230;\u00a0 I cho\u0107 to co w nim widzimy nie zawsze nam sie podoba, to musimy je zaakceptowa\u0107 na dobre i z\u0142e!<\/span><\/p>\n<p><strong><span style=\"font-family: verdana, geneva, sans-serif;\">Olka:<\/span><\/strong><\/p>\n<p><span style=\"font-family: verdana, geneva, sans-serif;\">Bycie mam\u0105 wi\u0105\u017ce si\u0119 z ci\u0105g\u0142\u0105 trosk\u0105 o przysz\u0142o\u015b\u0107 moich dzieci. A troska o ich przysz\u0142o\u015b\u0107 wi\u0105\u017ce si\u0119 z poczuciem obowi\u0105zku by wychowa\u0107 je na m\u0105drych i szcz\u0119\u015bliwych doros\u0142ych. A to poczucie obowi\u0105zku wi\u0105\u017ce si\u0119 niestety, przynajmniej u mnie, z ci\u0105g\u0142ym poczuciem, \u017ce robi\u0119 zbyt ma\u0142o, a efekty moich ubogich stara\u0144 s\u0105 niewystarczaj\u0105ce&#8230;<\/span><\/p>\n<p><img fetchpriority=\"high\" decoding=\"async\" class=\"alignnone size-medium wp-image-2856\" src=\"https:\/\/serwer1768828.home.pl\/autoinstalator\/wordpress\/wp-content\/uploads\/2018\/07\/36580411_2162107714009249_3019882962851201024_n-300x171.jpg\" alt=\"\" width=\"300\" height=\"171\" srcset=\"http:\/\/oktorejkawa.com\/wp-content\/uploads\/2018\/07\/36580411_2162107714009249_3019882962851201024_n-300x171.jpg 300w, http:\/\/oktorejkawa.com\/wp-content\/uploads\/2018\/07\/36580411_2162107714009249_3019882962851201024_n-768x438.jpg 768w, http:\/\/oktorejkawa.com\/wp-content\/uploads\/2018\/07\/36580411_2162107714009249_3019882962851201024_n.jpg 960w\" sizes=\"(max-width: 300px) 100vw, 300px\" \/><\/p>\n<p><span style=\"font-size: 14pt;\"><strong><span style=\"font-family: verdana, geneva, sans-serif;\">Z \u017cycia wzi\u0119te:<\/span><\/strong><\/span><\/p>\n<p><span style=\"font-family: verdana, geneva, sans-serif;\">Wtorek wiecz\u00f3r, tu\u017c przed zako\u0144czeniem roku szkolnego. Prosz\u0119 moje dzieciaki \u017ceby spakowa\u0142y si\u0119 do szko\u0142y. <\/span><\/p>\n<p><span style=\"font-family: verdana, geneva, sans-serif;\">\u201e(olewatorsko, jak ma to w zwyczaju) Mama, ty chyba jeste\u015b \u015bmieszna! My ju\u017c nie mamy lekcji! Nie wiem po co ty nam ka\u017cesz tam jeszcze chodzi\u0107!\u201d &#8211; s\u0142ysz\u0119 od Emila. <\/span><\/p>\n<p><span style=\"font-family: verdana, geneva, sans-serif;\">\u201e(wrzeszczy)Nigdzie si\u0119 nie b\u0119d\u0119 pakowa\u0107, nie id\u0119 jutro do \u017cadnej szko\u0142y!\u201d &#8211; dodaje Natalka. <\/span><\/p>\n<p><span style=\"font-family: verdana, geneva, sans-serif;\">Id\u0119 do Ma\u0107ka, on le\u017cy w \u0142\u00f3\u017cku i m\u0119czy Minecrafta na kom\u00f3rce, siadam przy \u0142\u00f3\u017cku, otwieram \u201eAkademi\u0119 Pana Kleksa\u201d Brzechwy, a on do mnie (w tonie podobnym do jego starszego brata): \u201eMama, we\u017a psesta\u0144, nie b\u0119d\u0119 s\u0142ucha\u0107\u201d. \u201eGra\u0107 te\u017c nie b\u0119dziesz\u201d, odpowiadam i zabieram mu kom\u00f3rk\u0119. \u201eTo id\u0119 spa\u0107!\u201d ko\u0144czy rozmow\u0119 Maciek.<\/span><\/p>\n<p><img decoding=\"async\" class=\"alignnone size-medium wp-image-2859\" src=\"https:\/\/serwer1768828.home.pl\/autoinstalator\/wordpress\/wp-content\/uploads\/2018\/07\/36606491_2162119890674698_299203583801294848_n-167x300.jpg\" alt=\"\" width=\"167\" height=\"300\" srcset=\"http:\/\/oktorejkawa.com\/wp-content\/uploads\/2018\/07\/36606491_2162119890674698_299203583801294848_n-167x300.jpg 167w, http:\/\/oktorejkawa.com\/wp-content\/uploads\/2018\/07\/36606491_2162119890674698_299203583801294848_n.jpg 535w\" sizes=\"(max-width: 167px) 100vw, 167px\" \/><\/p>\n<p><span style=\"font-family: verdana, geneva, sans-serif;\">Grrrrr!!!<\/span><\/p>\n<p><span style=\"font-family: verdana, geneva, sans-serif;\">Mam do\u015b\u0107. Schodz\u0119 na d\u00f3\u0142, wychodz\u0119 z domu i odpalam fajk\u0119. \u201eTy chyba jeste\u015b \u015bmieszna\u201d???? \u201ewe\u017a psesta\u0144\u201d??? Nie jestem k***a ich kole\u017cank\u0105! Co to za teksty?! Co do za zachowanie?! Nie tak ich wychowa\u0142am! DLACZEGO NIE MOG\u0104 BY\u0106 GRZECZNE I POS\u0141USZNE JAK INNE DZIECI?!?!<\/span><\/p>\n<p><span style=\"font-family: verdana, geneva, sans-serif;\">Us\u0142ysza\u0142am w\u0142asne my\u015bli i poczu\u0142am si\u0119 jeszcze gorzej \ud83d\ude41 Zda\u0142am sobie spraw\u0119, \u017ce to nie spos\u00f3b w jaki dzieci si\u0119 do mnie odzywaj\u0105, ale to jak o nich po tej kr\u00f3tkiej i bezowocnej wymianie zda\u0144 pomy\u015bla\u0142am, \u015bwiadczy o mojej pora\u017cce jako rodzica! Tyle razy powtarzam sobie \u017ceby do nikogo ich nie por\u00f3wnywa\u0107. A teraz chc\u0119 nagle \u017ceby by\u0142y kim\u015b innym?<\/span><\/p>\n<p><span style=\"font-family: verdana, geneva, sans-serif;\">Nasze dzieci s\u0105 dok\u0142adnie takie jak je oboje wychowali\u015bmy. S\u0105 odbiciem naszych charakter\u00f3w, mieszank\u0105 naszych gen\u00f3w i sum\u0105 stosowanych przez nas metod wychowawczych. Je\u015bli wyra\u017caj\u0105 swoje zdanie w taki a nie inny spos\u00f3b, to jest to owoc naszych dzia\u0142a\u0144. Je\u015bli nie podoba mi si\u0119 spos\u00f3b w jaki mnie traktuj\u0105, musz\u0119 poszuka\u0107 przyczyny we w\u0142asnym zachowaniu, a nie w my\u015blach wymienia\u0107 swoje dzieci na inne modele!<\/span><\/p>\n<p><span style=\"font-family: verdana, geneva, sans-serif;\">Musimy teraz postara\u0107 si\u0119 o wi\u0119kszy respekt z ich strony by w przysz\u0142o\u015bci te lekcewa\u017c\u0105ce s\u0142owa nie przerodzi\u0142y si\u0119 w regularny spos\u00f3b komunikowania si\u0119 z nami i z innymi lud\u017ami. To niby ma\u0142a rzecz, nic wielkiego, kilka byle jakich zda\u0144. Ale dzia\u0142a\u0107 trzeba. Mog\u0119 si\u0119 teraz postara\u0107 albo o to by takie zachowania ugruntowa\u0142y si\u0119 w naszych wzajemnych relacjach, albo powalczy\u0107 o wi\u0119kszy szacunek z ich strony.<\/span><\/p>\n<p><span style=\"font-family: verdana, geneva, sans-serif;\">Nie pochwalam sposobu w jaki moje dzieci potrafi\u0105 si\u0119 do mnie odezwa\u0107. Bior\u0119 jednak pe\u0142n\u0105 odpowiedzialno\u015b\u0107 za to jakie s\u0105. I cho\u0107 drocz\u0105c si\u0119 z ich tat\u0105, cz\u0119sto \u017cartobliwie przerzucamy si\u0119 wzajemnie win\u0105 za ich takie czy inne gorsze zachowania, w rzeczywisto\u015bci czujemy dum\u0119, \u017ce s\u0105 jakie s\u0105. Bywaj\u0105 niezno\u015bne, pyskate, chwilami leniwe, czasami nie do ko\u0144ca fair wobec swoich koleg\u00f3w i kole\u017canek i wobec siebie na wzajem. Pope\u0142niaj\u0105 b\u0142\u0119dy. Jak ka\u017cdy normalny cz\u0142owiek. Naszym zadaniem jest pracowa\u0107 nad tym, by tych gorszych zachowa\u0144 by\u0142o jak najmniej. Ale nawet przez chwil\u0119 nie wolno nam pr\u00f3bowa\u0107 zmienia\u0107 ich osobowo\u015bci na wz\u00f3r innych dzieci, a tym bardziej dawa\u0107 im do zrozumienia, \u017ce nie spe\u0142niaj\u0105 naszych oczekiwa\u0144. Nasze oczekiwania to nasza sprawa. Nasze dzieci musz\u0105 mie\u0107 swoje w\u0142asne oczekiwania wobec ich \u017cycia i przysz\u0142o\u015bci. Naszymi nie powinny si\u0119 przejmowa\u0107.<\/span><\/p>\n<p><img decoding=\"async\" class=\"alignnone size-medium wp-image-2575\" src=\"https:\/\/serwer1768828.home.pl\/autoinstalator\/wordpress\/wp-content\/uploads\/2017\/07\/31306884_2118780298341991_1240740821167243264_n-300x225.jpg\" alt=\"\" width=\"300\" height=\"225\" srcset=\"http:\/\/oktorejkawa.com\/wp-content\/uploads\/2017\/07\/31306884_2118780298341991_1240740821167243264_n-300x225.jpg 300w, http:\/\/oktorejkawa.com\/wp-content\/uploads\/2017\/07\/31306884_2118780298341991_1240740821167243264_n-768x576.jpg 768w, http:\/\/oktorejkawa.com\/wp-content\/uploads\/2017\/07\/31306884_2118780298341991_1240740821167243264_n.jpg 960w\" sizes=\"(max-width: 300px) 100vw, 300px\" \/><\/p>\n<p><span style=\"font-family: verdana, geneva, sans-serif;\">Jako rodzice jeste\u015bmy naszym dzieciom winni bezwarunkow\u0105 mi\u0142o\u015b\u0107, szacunek i wsparcie ZAWSZE i MIMO WSZYSTKO. Nie mo\u017cemy obra\u017ca\u0107 sie na nie za z\u0142e zachowania. Jednak du\u017cym b\u0142\u0119dem jest zak\u0142adanie, \u017ce nam nale\u017cy si\u0119 to samo \u201ez urz\u0119du\u201d&#8230; <strong>One b\u0119d\u0105 nas kocha\u0107 i szanowa\u0107 tak jak sobie na to zas\u0142u\u017cymy. A zas\u0142u\u017cymy sobie tak jak je wychowamy<\/strong>. Na ch\u0119\u0107 pomocy z ich strony, oraz szacunek w przysz\u0142o\u015bci, zas\u0142u\u017cy\u0107 musimy sobie ju\u017c dzi\u015b. To my wydali\u015bmy ich na \u015bwiat i naszym obowi\u0105zkiem jest zapewni\u0107 im ZDROWE warunki do rozwoju.<\/span><\/p>\n<p><span style=\"font-family: verdana, geneva, sans-serif;\">To jakie s\u0105 nasze dzieci i jak b\u0119d\u0105 w przysz\u0142o\u015bci traktowa\u0107 innych, w tym r\u00f3wnie\u017c nas, to efekty tego jak MY wywi\u0105zujemy si\u0119 z naszej roli. By nauczy\u0107 nasze dzieci odpowiedzialno\u015bci za w\u0142asne \u017cycie, najpierw my musimy wzi\u0105\u0107 pe\u0142n\u0105 odpowiedzialno\u015b\u0107 za to jak ich wychowujemy.<\/span><\/p>\n<p>&nbsp;<\/p>\n<p><span style=\"font-size: 14pt;\"><strong><span style=\"font-family: verdana, geneva, sans-serif;\">Ewka:<\/span><\/strong><\/span><\/p>\n<p><span style=\"font-family: verdana, geneva, sans-serif;\">To jak nasze dzieci si\u0119 zachowuj\u0105 jest w ogromnej mierze nasz\u0105 zas\u0142ug\u0105, bo jest to oczywiste, \u017ce si\u0119 na nas wzoruj\u0105. Jednak nie bez znaczenia jest to z kim nasze dzieci przebywaj\u0105 na co dzie\u0144, jakich maj\u0105 koleg\u00f3w, kto im imponuje. Nigdy nie by\u0142am zwolenniczka tego \u017ceby obwinia\u0107 kogo\u015b za z\u0142e zachowania moich dzieci, ale na pewno to z kim si\u0119 bawi\u0105 ma du\u017ce znaczenie w kszta\u0142towaniu ich osobowo\u015bci. Wiem, \u017ce w domu bywam choleryczk\u0105 i wybuchowy charakter Dominik ma po mnie. Ale ma te\u017c kilka cech, kt\u00f3re bez w\u0105tpienia naby\u0142 od swoich koleg\u00f3w.<\/span><\/p>\n<p><span style=\"font-family: verdana, geneva, sans-serif;\">Weronika to ma\u0142a wredotka i cz\u0119sto \u017cartuj\u0119 w domu, \u017ce b\u0119dzie kiedy\u015b \u201ewredn\u0105 bab\u0105\u201d. No i w\u0142a\u015bnie. Oto przyk\u0142ad tego jak du\u017ca odpowiedzialno\u015b\u0107 na nas spoczywa i jak bardzo musimy uwa\u017ca\u0107 na to co m\u00f3wimy do naszych dzieci&#8230;<\/span><\/p>\n<p><img loading=\"lazy\" decoding=\"async\" class=\"alignnone size-medium wp-image-2862\" src=\"https:\/\/serwer1768828.home.pl\/autoinstalator\/wordpress\/wp-content\/uploads\/2018\/07\/36657996_2162107577342596_6933147487234424832_n-300x169.jpg\" alt=\"\" width=\"300\" height=\"169\" srcset=\"http:\/\/oktorejkawa.com\/wp-content\/uploads\/2018\/07\/36657996_2162107577342596_6933147487234424832_n-300x169.jpg 300w, http:\/\/oktorejkawa.com\/wp-content\/uploads\/2018\/07\/36657996_2162107577342596_6933147487234424832_n-768x432.jpg 768w, http:\/\/oktorejkawa.com\/wp-content\/uploads\/2018\/07\/36657996_2162107577342596_6933147487234424832_n.jpg 960w\" sizes=\"(max-width: 300px) 100vw, 300px\" \/><\/p>\n<p><span style=\"font-size: 14pt;\"><strong><span style=\"font-family: verdana, geneva, sans-serif;\">Z \u017cycia wzi\u0119te 2:<\/span><\/strong><\/span><\/p>\n<p><span style=\"color: #4b4f56; font-size: 12pt; font-family: verdana, geneva, sans-serif;\">Godzina 6 rano. Dominik obudzi\u0142 si\u0119 w z\u0142ym humorze. Patryk jecha\u0142 do pracy, wi\u0119c niewiele m\u00f3g\u0142 mi pom\u00f3c.. Dominik nie chcia\u0142 przyj\u015b\u0107 do sypialni, w kt\u00f3rej spa\u0142am z Weronika, wi\u0119c posz\u0142am do jego pokoju. Zasypiamy i nagle s\u0142ysz\u0119 p\u0142acz Weroniki. M\u00f3wi do Dominika, \u017ce musz\u0119 i\u015b\u0107 da\u0107 jej je\u015b\u0107. On, \u017ce NIE i ryczy. Wi\u0119c m\u00f3wie mu, \u017ce wezm\u0119 Ma\u0142\u0105 i przyjd\u0119 do niego. On, \u017ce \u201enie, koniec i kropka!!!\u201d Da\u0142am mu wyb\u00f3r. \u017baden mu nie odpowiada\u0142. Musia\u0142am do niej i\u015b\u0107. Wy\u0142 przez nast\u0119pne 40 min i wo\u0142a\u0142 ,,mamo chod\u017a do mnie\u2019\u2019. Pomy\u015bla\u0142am sobie, \u017ce nie pozwol\u0119 by mn\u0105 rz\u0105dzi\u0142. Le\u017ca\u0142am, karmi\u0142am Weronik\u0119 i modli\u0142am si\u0119 \u017cebym nie wybuch\u0142a. Po 40 minutach Dominik przyszed\u0142 do sypialni, stan\u0105\u0142 w drzewach i zacz\u0105\u0142 wy\u0107 jeszcze g\u0142o\u015bniej!!! P\u0119k\u0142am\u2026 <\/span><\/p>\n<p><span style=\"color: #4b4f56; font-size: 12pt; font-family: verdana, geneva, sans-serif;\">Owszem, mog\u0142am zachowa\u0107 spok\u00f3j, ale by\u0142am zm\u0119czona i z\u0142a. W tej sytuacji wyszed\u0142 jego charakterek. Uparciuch, kt\u00f3ry chcia\u0142 pokaza\u0107, \u017ce wyjdzie \u201ena jego\u201d. Tego dnia wstali\u015bmy wszyscy o 6:40. Po ca\u0142ej akcji Dominika zaraz po przebudzeniu, mimo wszystko \u017cegnali\u015bmy si\u0119 z Patrykiem w dobrych humorach. W sytuacji jednak kiedy Dominik, stoj\u0105c w drzwiach sypialni i wrzeszcz\u0105c, nazwa\u0142 mnie \u201eg\u0142upi\u0105 bab\u0105\u201d (!!!), nie umia\u0142am zachowa\u0107 spokoju. Kiedy sytuacja si\u0119 uspokoi\u0142a, a w domu zapanowa\u0142a cisza, u\u015bwiadomi\u0142am sobie, \u017ce jego s\u0142owa by\u0142y wynikiem j\u0119zyka, w jakim sama zwracam si\u0119 do dzieci. Niby p\u00f3\u0142 \u017cartem, ale jednak.<\/span><\/p>\n<p><img loading=\"lazy\" decoding=\"async\" class=\"alignnone size-medium wp-image-2860\" src=\"https:\/\/serwer1768828.home.pl\/autoinstalator\/wordpress\/wp-content\/uploads\/2018\/07\/36614426_2162107597342594_1617535819554226176_n-167x300.jpg\" alt=\"\" width=\"167\" height=\"300\" srcset=\"http:\/\/oktorejkawa.com\/wp-content\/uploads\/2018\/07\/36614426_2162107597342594_1617535819554226176_n-167x300.jpg 167w, http:\/\/oktorejkawa.com\/wp-content\/uploads\/2018\/07\/36614426_2162107597342594_1617535819554226176_n.jpg 535w\" sizes=\"(max-width: 167px) 100vw, 167px\" \/><\/p>\n<p><span style=\"color: #4b4f56; font-size: 12pt; font-family: verdana, geneva, sans-serif;\">Moje dzieci odziedziczy\u0142y te\u017c, jak i naby\u0142y wiele nie\u0142adnych zachowa\u0144 po moim m\u0119\u017cu, ale nie wypada mi ich tutaj opisywa\u0107 \ud83d\ude09<\/span><\/p>\n<p><span style=\"color: #4b4f56; font-size: 12pt; font-family: verdana, geneva, sans-serif;\">Mog\u0119 za to poda\u0107 przyk\u0142ad Olki, bo ona si\u0119 nie obrazi. Odno\u015bnie jej przeboj\u00f3w z dzieciakami &#8211; nie dziwi mnie wcale to, \u017ce Emil jest taki uparty, bo Olka te\u017c zawsze musi postawi\u0107 na swoim, haha. Cho\u0107 sama to cz\u0119sto przyznaje i jest \u015bwiadoma swojej uparto\u015bci, nie powstrzymuje jej to przed upieraniem si\u0119 przy swoich racjach w relacjach z dzie\u0107mi. Ma to swoje plusy, bo raczej si\u0119 jej s\u0142uchaj\u0105, ale te\u017c kopiuj\u0105 jej zachowania, a zw\u0142aszcza Emil!<\/span><\/p>\n<p><span style=\"color: #4b4f56; font-size: 12pt; font-family: verdana, geneva, sans-serif;\">Gdy zasz\u0142am w ci\u0105\u017c\u0119, najbardziej martwi\u0142am si\u0119 o dwie rzeczy: czy b\u0119d\u0119 potrafi\u0142a kocha\u0107 swoje dzieci tak bezgranicznie jak to opisywa\u0142y inne matki, oraz czy b\u0119d\u0119 potrafi\u0142a je DOBRZE wychowa\u0107. O tym pierwszym przekona\u0142am si\u0119 bardzo szybko, co do wychowania wci\u0105\u017c nie wiem jak b\u0119dzie&#8230; Moje dzieci r\u00f3\u017cnie si\u0119 zachowuj\u0105, a ja nie jestem matk\u0105, kt\u00f3ra na si\u0142\u0119 nazywa ich wady zaletami. Znam ich dobre cechy, znam te\u017c ich s\u0142abo\u015bci. Nigdy ich nie wychwalam pod niebiosa, nie zale\u017cy mi na tym by by\u0142y najlepsze! Staram si\u0119 zwraca\u0107 uwag\u0119 na ich z\u0142e zachowania, ale cz\u0119sto te\u017c z czystego lenistwa lub z ch\u0119ci zachowania w domu ciszy, odpuszczam i nie reaguj\u0119.\\<\/span><\/p>\n<p><img loading=\"lazy\" decoding=\"async\" class=\"alignnone size-medium wp-image-2431\" src=\"https:\/\/serwer1768828.home.pl\/autoinstalator\/wordpress\/wp-content\/uploads\/2018\/03\/29467936_1981051075258238_3843288838432620544_o-225x300.jpg\" alt=\"\" width=\"225\" height=\"300\" srcset=\"http:\/\/oktorejkawa.com\/wp-content\/uploads\/2018\/03\/29467936_1981051075258238_3843288838432620544_o-225x300.jpg 225w, http:\/\/oktorejkawa.com\/wp-content\/uploads\/2018\/03\/29467936_1981051075258238_3843288838432620544_o-768x1024.jpg 768w, http:\/\/oktorejkawa.com\/wp-content\/uploads\/2018\/03\/29467936_1981051075258238_3843288838432620544_o.jpg 1536w\" sizes=\"(max-width: 225px) 100vw, 225px\" \/><\/p>\n<p><span style=\"color: #4b4f56; font-size: 12pt; font-family: verdana, geneva, sans-serif;\">Wiecie co, by\u0142y sytuacje, \u017ce Dominik publicznie \u017ale si\u0119 zachowywa\u0142, ale nigdy nie czu\u0142am za niego wstydu, nigdy. Wiem, \u017ce w tych ,,nieodpowiednich\u201d zachowaniach jest du\u017co naszej zas\u0142ugi, bo zbyt cz\u0119sto zwracamy si\u0119 do dzieci jak do swoich koleg\u00f3w, ale my\u015bl\u0119, \u017ce z wiekiem b\u0119d\u0105 potrafili oddzieli\u0107 stosowne zachowania od tych nieodpowiednich. To ju\u017c nasze zadanie by tak si\u0119 sta\u0142o.<\/span><\/p>\n","protected":false},"excerpt":{"rendered":"<p>Kiedy zachowanie naszych dzieci doprawadzi nas do szewskiej pasji i roz\u0142o\u017cymy r\u0119ce z bezradno\u015bci, kiedy ju\u017c zrzucimy win\u0119 za ich zachowanie na przedszkole, koleg\u00f3w, babcie, ciocie i ich ojc\u00f3w(!!!), przychodzi moment ol\u015bnienia &#8211; zaczynamy dostrzega\u0107, \u017ce patrzymy w lustro&#8230;\u00a0 I cho\u0107 to co w nim widzimy nie zawsze nam sie podoba, to musimy je zaakceptowa\u0107 [&hellip;]<\/p>\n","protected":false},"author":5,"featured_media":2861,"comment_status":"open","ping_status":"open","sticky":false,"template":"","format":"standard","meta":{"ngg_post_thumbnail":0,"ocean_post_layout":"","ocean_both_sidebars_style":"","ocean_both_sidebars_content_width":0,"ocean_both_sidebars_sidebars_width":0,"ocean_sidebar":"","ocean_second_sidebar":"","ocean_disable_margins":"enable","ocean_add_body_class":"","ocean_shortcode_before_top_bar":"","ocean_shortcode_after_top_bar":"","ocean_shortcode_before_header":"","ocean_shortcode_after_header":"","ocean_has_shortcode":"","ocean_shortcode_after_title":"","ocean_shortcode_before_footer_widgets":"","ocean_shortcode_after_footer_widgets":"","ocean_shortcode_before_footer_bottom":"","ocean_shortcode_after_footer_bottom":"","ocean_display_top_bar":"default","ocean_display_header":"default","ocean_header_style":"","ocean_center_header_left_menu":"","ocean_custom_header_template":"","ocean_custom_logo":0,"ocean_custom_retina_logo":0,"ocean_custom_logo_max_width":0,"ocean_custom_logo_tablet_max_width":0,"ocean_custom_logo_mobile_max_width":0,"ocean_custom_logo_max_height":0,"ocean_custom_logo_tablet_max_height":0,"ocean_custom_logo_mobile_max_height":0,"ocean_header_custom_menu":"","ocean_menu_typo_font_family":"","ocean_menu_typo_font_subset":"","ocean_menu_typo_font_size":0,"ocean_menu_typo_font_size_tablet":0,"ocean_menu_typo_font_size_mobile":0,"ocean_menu_typo_font_size_unit":"px","ocean_menu_typo_font_weight":"","ocean_menu_typo_font_weight_tablet":"","ocean_menu_typo_font_weight_mobile":"","ocean_menu_typo_transform":"","ocean_menu_typo_transform_tablet":"","ocean_menu_typo_transform_mobile":"","ocean_menu_typo_line_height":0,"ocean_menu_typo_line_height_tablet":0,"ocean_menu_typo_line_height_mobile":0,"ocean_menu_typo_line_height_unit":"","ocean_menu_typo_spacing":0,"ocean_menu_typo_spacing_tablet":0,"ocean_menu_typo_spacing_mobile":0,"ocean_menu_typo_spacing_unit":"","ocean_menu_link_color":"","ocean_menu_link_color_hover":"","ocean_menu_link_color_active":"","ocean_menu_link_background":"","ocean_menu_link_hover_background":"","ocean_menu_link_active_background":"","ocean_menu_social_links_bg":"","ocean_menu_social_hover_links_bg":"","ocean_menu_social_links_color":"","ocean_menu_social_hover_links_color":"","ocean_disable_title":"default","ocean_disable_heading":"default","ocean_post_title":"","ocean_post_subheading":"","ocean_post_title_style":"","ocean_post_title_background_color":"","ocean_post_title_background":0,"ocean_post_title_bg_image_position":"","ocean_post_title_bg_image_attachment":"","ocean_post_title_bg_image_repeat":"","ocean_post_title_bg_image_size":"","ocean_post_title_height":0,"ocean_post_title_bg_overlay":0.5,"ocean_post_title_bg_overlay_color":"","ocean_disable_breadcrumbs":"default","ocean_breadcrumbs_color":"","ocean_breadcrumbs_separator_color":"","ocean_breadcrumbs_links_color":"","ocean_breadcrumbs_links_hover_color":"","ocean_display_footer_widgets":"default","ocean_display_footer_bottom":"default","ocean_custom_footer_template":"","ocean_post_oembed":"","ocean_post_self_hosted_media":"","ocean_post_video_embed":"","ocean_link_format":"","ocean_link_format_target":"self","ocean_quote_format":"","ocean_quote_format_link":"post","ocean_gallery_link_images":"off","ocean_gallery_id":[],"footnotes":""},"categories":[4],"tags":[2071,791,2073,2075,543,2065,2067,2069,1645,2081,830,2079,2077,324],"class_list":["post-2851","post","type-post","status-publish","format-standard","has-post-thumbnail","hentry","category-blog","tag-dobre-wychowanie","tag-dzieci-pl","tag-dzieci-kopiuja-rodzicow","tag-jak-wychowywac","tag-macierzynstwo-pl","tag-milosc-matki","tag-milosc-rodzica","tag-odpowiedzialne-wychowanie","tag-odpowiedzialnosc-pl","tag-porownywanie-dziecka-do-innych","tag-rodzicielstwo-pl","tag-rola-matki","tag-rola-rodzica","tag-wychowanie-pl","entry","has-media"],"aioseo_notices":[],"_links":{"self":[{"href":"http:\/\/oktorejkawa.com\/index.php?rest_route=\/wp\/v2\/posts\/2851","targetHints":{"allow":["GET"]}}],"collection":[{"href":"http:\/\/oktorejkawa.com\/index.php?rest_route=\/wp\/v2\/posts"}],"about":[{"href":"http:\/\/oktorejkawa.com\/index.php?rest_route=\/wp\/v2\/types\/post"}],"author":[{"embeddable":true,"href":"http:\/\/oktorejkawa.com\/index.php?rest_route=\/wp\/v2\/users\/5"}],"replies":[{"embeddable":true,"href":"http:\/\/oktorejkawa.com\/index.php?rest_route=%2Fwp%2Fv2%2Fcomments&post=2851"}],"version-history":[{"count":5,"href":"http:\/\/oktorejkawa.com\/index.php?rest_route=\/wp\/v2\/posts\/2851\/revisions"}],"predecessor-version":[{"id":2863,"href":"http:\/\/oktorejkawa.com\/index.php?rest_route=\/wp\/v2\/posts\/2851\/revisions\/2863"}],"wp:featuredmedia":[{"embeddable":true,"href":"http:\/\/oktorejkawa.com\/index.php?rest_route=\/wp\/v2\/media\/2861"}],"wp:attachment":[{"href":"http:\/\/oktorejkawa.com\/index.php?rest_route=%2Fwp%2Fv2%2Fmedia&parent=2851"}],"wp:term":[{"taxonomy":"category","embeddable":true,"href":"http:\/\/oktorejkawa.com\/index.php?rest_route=%2Fwp%2Fv2%2Fcategories&post=2851"},{"taxonomy":"post_tag","embeddable":true,"href":"http:\/\/oktorejkawa.com\/index.php?rest_route=%2Fwp%2Fv2%2Ftags&post=2851"}],"curies":[{"name":"wp","href":"https:\/\/api.w.org\/{rel}","templated":true}]}}