{"id":2384,"date":"2018-03-13T17:59:07","date_gmt":"2018-03-13T16:59:07","guid":{"rendered":"https:\/\/serwer1768828.home.pl\/autoinstalator\/wordpress\/?p=2384"},"modified":"2018-03-13T19:06:27","modified_gmt":"2018-03-13T18:06:27","slug":"te-wspolczesne-dzieciaki-i-ich-poczucie-obowiazku","status":"publish","type":"post","link":"http:\/\/oktorejkawa.com\/?p=2384","title":{"rendered":"Te wsp\u00f3\u0142czesne &#8222;dzieciaki&#8221; i ich poczucie obowi\u0105zku! ;-)"},"content":{"rendered":"<p>Sk\u0105d wiedzie\u0107, \u017ce przyszed\u0142 czas by zwi\u0119kszy\u0107 wymagania stawiane naszym dzieciom? Czy 10-latek to jeszcze dziecko czy ju\u017c ma\u0142y nastolatek, od kt\u00f3rego du\u017co si\u0119 wymaga? Czy do jego obowi\u0105zk\u00f3w powinno wci\u0105\u017c nale\u017ce\u0107 sprz\u0105tanie w\u0142asnego pokoju i odrabianie lekcji, czy czas ju\u017c by poszerzy\u0107 zakres wymaga\u0144?<\/p>\n<p><img fetchpriority=\"high\" decoding=\"async\" class=\"alignnone size-medium wp-image-2388\" src=\"https:\/\/serwer1768828.home.pl\/autoinstalator\/wordpress\/wp-content\/uploads\/2018\/03\/29136393_2097895690430452_3950028649868034048_n-240x300.jpg\" alt=\"\" width=\"240\" height=\"300\" srcset=\"http:\/\/oktorejkawa.com\/wp-content\/uploads\/2018\/03\/29136393_2097895690430452_3950028649868034048_n-240x300.jpg 240w, http:\/\/oktorejkawa.com\/wp-content\/uploads\/2018\/03\/29136393_2097895690430452_3950028649868034048_n.jpg 768w\" sizes=\"(max-width: 240px) 100vw, 240px\" \/><\/p>\n<p><span style=\"font-size: 14pt;\"><strong>Kiedy\u015b to by\u0142o jako\u015b inaczej&#8230;<\/strong><\/span><\/p>\n<p>Wydaje mi si\u0119, \u017ce stwierdzenie \u201emasz si\u0119 tylko uczy\u0107!\u201d jest ju\u017c bardzo przestarza\u0142e. Nasi rodzice tak do nas mogli m\u00f3wi\u0107, bo my rozumieli\u015bmy, \u017ce \u201eTYLKO\u201d by\u0142o jedynie s\u0142owem wtr\u0105conym w zdanie, znali\u015bmy swoje obowi\u0105zki, wiedzieli\u015bmy, \u017ce wyprowadzanie psa, wynoszenie \u015bmieci, przygotowanie prostych posi\u0142k\u00f3w i sobotnie porz\u0105dki to mus. Nikt nie musia\u0142 nam tego t\u0142umaczy\u0107, bo jak si\u0119 nie wywi\u0105zali\u015bmy, nasi rodzice (nie ograniczani wtedy jeszcze odpowiednimi przepisami prawnymi) mogli zgotowa\u0107 nam tak\u0105 kar\u0119, kt\u00f3ra szybko nauczy\u0142aby nas pos\u0142usze\u0144stwa&#8230;<\/p>\n<p>Czy by\u0142y to s\u0142uszne metody, czy nie \u2013 zdania wci\u0105\u017c s\u0105 podzielone, cho\u0107 karom cielesnym m\u00f3wimy stanowcze NIE! &#8230;Ale na pewno dzia\u0142a\u0142o, bo wiedzieli\u015bmy czym jest ODPOWIEDZIALNO\u015a\u0106:\u00a0<strong><em>kiedy kumpel z podw\u00f3rka zwo\u0142ywa\u0142 zbi\u00f3rk\u0119 &#8222;na jutro na 8 rano&#8221;, nie sp\u00f3\u017aniali\u015bmy si\u0119 nawet je\u015bli to by\u0142y wakacje, kanapki jedli\u015bmy zbiegaj\u0105c po schodach, bo by czeka\u0107 na wind\u0119 szkoda nam by\u0142o czasu, zawsze zaczynali\u015bmy zabaw\u0119 O CZASIE.<\/em><\/strong><\/p>\n<p><span style=\"font-size: 14pt;\"><strong>Jak to si\u0119 ma do obecnych reali\u00f3w?<\/strong><\/span><\/p>\n<p>Dzisiejsze m\u0142odsze dzieciaki umawiaj\u0105 si\u0119 z kolegami na 16:00, ale o 15:55 mog\u0105 przecie\u017c wys\u0142a\u0107 im wiadomo\u015b\u0107, \u017ce b\u0119d\u0105 p\u00f3\u0142 godziny p\u00f3\u017aniej, nie czuj\u0105 z tego powodu zak\u0142opotania, nie maj\u0105 poczucia straty czasu, bo czas w wirtualu inaczej p\u0142ynie&#8230;<\/p>\n<p>Starsi \u201emilusi\u0144scy\u201d poinformuj\u0105 najcz\u0119\u015bciej, \u017ce nie przyjd\u0105 do klubu kiedy ca\u0142a paczka ich znajomych siedzi ju\u017c w wynaj\u0119tej i op\u0142aconej lo\u017cy i czeka na sp\u00f3\u017anialskiego. Nie przyjd\u0105, bo im si\u0119 odechcia\u0142o, lub wybrali imprez\u0119 w innym towarzystwie. Nikt oczywi\u015bcie specjalnie si\u0119 tym nie przejmie, bo m\u0142odzie\u017c raczej uwa\u017ca takie zachowanie za co\u015b przynajmniej \u201enormalnego\u201d.<\/p>\n<p><span style=\"font-size: 14pt;\"><img decoding=\"async\" class=\"alignnone size-medium wp-image-2389\" style=\"font-size: 16px;\" src=\"https:\/\/serwer1768828.home.pl\/autoinstalator\/wordpress\/wp-content\/uploads\/2018\/03\/29136976_2097895817097106_3761434612971077632_n-247x300.jpg\" alt=\"\" width=\"247\" height=\"300\" srcset=\"http:\/\/oktorejkawa.com\/wp-content\/uploads\/2018\/03\/29136976_2097895817097106_3761434612971077632_n-247x300.jpg 247w, http:\/\/oktorejkawa.com\/wp-content\/uploads\/2018\/03\/29136976_2097895817097106_3761434612971077632_n-768x932.jpg 768w, http:\/\/oktorejkawa.com\/wp-content\/uploads\/2018\/03\/29136976_2097895817097106_3761434612971077632_n.jpg 791w\" sizes=\"(max-width: 247px) 100vw, 247px\" \/><\/span><\/p>\n<p><span style=\"font-size: 14pt;\"><strong>Spadkobiercy dzieci PRLu?<\/strong><\/span><\/p>\n<p>Co\u015b si\u0119 zmieni\u0142o w standardach wychowania, \u017ce patrz\u0105c na moich nastoletnich uczni\u00f3w cz\u0119sto odnosz\u0119 wra\u017cenie, \u017ce OBOWI\u0104ZEK to s\u0142owo zupe\u0142nie im nieznane&#8230; I nie mam o to do nich pretensji &#8211; wci\u0105\u017c uwa\u017cam, \u017ce dzisiejsza m\u0142odzie\u017c ma wiele zalet, kt\u00f3rych poprzednie pokolenia nie mia\u0142y. A wi\u0119c zn\u00f3w nasuwa si\u0119 wniosek, \u017ce pokolenie moich r\u00f3wie\u015bnik\u00f3w i starszych koleg\u00f3w ze szko\u0142y, w tym r\u00f3wnie\u017c ja, czyli rodzice wychowani u schy\u0142ku PRLu i na pocz\u0105tku lat 90tych, wychowali ca\u0142e spo\u0142ecze\u0144stwo ignorant\u00f3w, ludzi bez poczucia obowi\u0105zku, przekonanych o tym, \u017ce IM SI\u0118 NALE\u017bY, nie licz\u0105cych czasu, bez \u015bwiadomo\u015bci zobowi\u0105za\u0144 wobec innych przedstawicieli swojego gatunku&#8230;<\/p>\n<p>Wydaje mi si\u0119, \u017ce dzisiejsze \u201edzieciaki\u201d (mam na my\u015bli starsze dzieci i nastolatk\u00f3w wchodz\u0105cych w doros\u0142o\u015b\u0107) maj\u0105 nad nami przewag\u0119 w dziedzinie technologii, s\u0105 te\u017c bardziej asertywni, radz\u0105 sobie \u015bwietnie na m\u0142odzie\u017cowym rynku pracy (jednak w du\u017cej mierze dlatego, \u017ce niewiele ich jest i ten rynek sam si\u0119 o nich prosi), jednak czego\u015b istotnego brakuje w ich systemie warto\u015bci&#8230;<\/p>\n<p>Szlag mnie trafia kiedy s\u0142ysz\u0119, \u017ce kolejni uczniowie klasy czwartej technikum rezygnuj\u0105 w po\u0142owie roku z przyst\u0119powania do Matury tylko dlatego, \u017ce nie chce im si\u0119 przem\u0119czy\u0107 i douczy\u0107 troch\u0119 matmy czy angielskiego. W efekcie w po\u0142owie czwartej klasy przestaj\u0105 si\u0119 uczy\u0107, marnuj\u0105c w ten spos\u00f3b trzy poprzednie lata swojej w\u0142asnej pracy i wszystkich os\u00f3b, w tym nauczycieli, zaanga\u017cowanych w ich edukacj\u0119. Najbardziej mnie zadziwia lekko\u015b\u0107 z jak\u0105 m\u0142odzi ludzi podejmuj\u0105 takie kluczowe decyzje. Nie b\u0119d\u0119 si\u0119 tu upiera\u0107, \u017ce solidne wykszta\u0142cenie to podstawa, bo w obecnej sytuacji rynkowej, niestety, brakuje ju\u017c na to argument\u00f3w&#8230; Bardziej niepokoi mnie brak konsekwencji i brak poczucia obowi\u0105zku wobec wszystkich os\u00f3b, kt\u00f3re przez lata budowa\u0142y swoje oczekiwania wobec tych uczni\u00f3w i wielokrotnie po\u015bwi\u0119cali im sw\u00f3j cenny czas i energi\u0119.<\/p>\n<p><span style=\"font-size: 14pt;\"><strong>Przyk\u0142ad z \u017cycia wzi\u0119ty \ud83d\ude41<\/strong><\/span><\/p>\n<p>Wracaj\u0105c wi\u0119c do tematu, od kt\u00f3rego zacz\u0119\u0142am ten wpis \u2013 czyli stopniowanie obowi\u0105zk\u00f3w naszym dzieciom. By\u0107 mo\u017ce diabe\u0142 tkwi w\u0142a\u015bnie w tym czego wymagamy od naszych dzieci we wczesnych latach ich \u017cycia i w jakim stopniu egzekwujemy wykonywanie zobowi\u0105za\u0144?<\/p>\n<p>Zupe\u0142nie niedawno mieli\u015bmy z Marcinem niez\u0142\u0105 przepraw\u0119 z naszym dziesi\u0119cioletnim synem, kt\u00f3ry ku naszemu wielkiemu zadowoleniu zosta\u0142 wskazany przez nauczycielk\u0119 do wa\u017cnego konkursu matematycznego. Szybko okaza\u0142o si\u0119 jednak, \u017ce brakuje mu wiedzy by poprawnie rozwi\u0105za\u0107 testy pr\u00f3bne. Co wi\u0119cej, on wcale nie zamierza\u0142 si\u0119 wysila\u0107 \u017ceby si\u0119 troch\u0119 douczy\u0107, wcale nie dostrzega\u0142 takiej potrzeby, by\u0142 nawet got\u00f3w pod wp\u0142ywem z\u0142o\u015bci na nasze nagabywanie zrezygnowa\u0107 z udzia\u0142u w konkursie.<\/p>\n<p>Dopiero po wielokrotnych pr\u00f3bach wyt\u0142umaczenia mu, \u017ce za tym jego udzia\u0142em stoi \u017cywa osoba, czyli jego nauczycielka, kt\u00f3ra wykona\u0142a prac\u0119 by go zg\u0142osi\u0107 i przygotowa\u0107, a my musieli\u015bmy za jego udzia\u0142 zap\u0142aci\u0107 (to by\u0142y grosze, ale jednak pieni\u0105dze!), zacz\u0105\u0142 zmienia\u0107 nastawienie.<\/p>\n<p>Chwilami obawia\u0142am si\u0119, \u017ce by\u0142am zbyt ostra. NIE ZACYTUJ\u0118 TU WSZYSTKICH MOICH S\u0141OW, KT\u00d3RE WYPOWIEDZIA\u0141AM W SWOJEJ BEZRADNO\u015aCI&#8230; By\u0107 mo\u017ce zbyt cz\u0119sto przek\u0142adam swoje do\u015bwiadczenia z pracy w szkole na barki moich dzieci w domu? Moje dzieci to przecie\u017c nie moi uczniowie. A ja w z\u0142o\u015bci powiedzia\u0142am mu nawet, \u017ce je\u015bli nie zamierza si\u0119 przygotowa\u0107 do konkursu, to powinien z niego zrezygnowa\u0107 (za co nie pozosta\u0142 mi d\u0142u\u017cny i wykrzycza\u0142 swoje \u017cale, po czym przez chwil\u0119 by\u0142 zdecydowany faktycznie zrezygnowa\u0107), potem jednak dotar\u0142o do niego, \u017ce nie chodzi o wynik, tylko o podj\u0119cie odpowiedzialno\u015bci za jego w\u0142asne decyzje \u2013 to on przede wszystkim chcia\u0142 wystartowa\u0107 w konkursie matematycznym, nauczycielka i my jedynie mu to umo\u017cliwili\u015bmy. Nie wiem jeszcze jak wa\u017cn\u0105 lekcj\u0105 oka\u017ce si\u0119 ta jedna potyczka, ale mocno wierz\u0119, \u017ce nasze gadanie i konsekwencja nie p\u00f3jdzie jednak na marne.<\/p>\n","protected":false},"excerpt":{"rendered":"<p>Sk\u0105d wiedzie\u0107, \u017ce przyszed\u0142 czas by zwi\u0119kszy\u0107 wymagania stawiane naszym dzieciom? Czy 10-latek to jeszcze dziecko czy ju\u017c ma\u0142y nastolatek, od kt\u00f3rego du\u017co si\u0119 wymaga? Czy do jego obowi\u0105zk\u00f3w powinno wci\u0105\u017c nale\u017ce\u0107 sprz\u0105tanie w\u0142asnego pokoju i odrabianie lekcji, czy czas ju\u017c by poszerzy\u0107 zakres wymaga\u0144? Kiedy\u015b to by\u0142o jako\u015b inaczej&#8230; Wydaje mi si\u0119, \u017ce stwierdzenie [&hellip;]<\/p>\n","protected":false},"author":5,"featured_media":2386,"comment_status":"open","ping_status":"open","sticky":false,"template":"","format":"standard","meta":{"ngg_post_thumbnail":0,"ocean_post_layout":"","ocean_both_sidebars_style":"","ocean_both_sidebars_content_width":0,"ocean_both_sidebars_sidebars_width":0,"ocean_sidebar":"","ocean_second_sidebar":"","ocean_disable_margins":"enable","ocean_add_body_class":"","ocean_shortcode_before_top_bar":"","ocean_shortcode_after_top_bar":"","ocean_shortcode_before_header":"","ocean_shortcode_after_header":"","ocean_has_shortcode":"","ocean_shortcode_after_title":"","ocean_shortcode_before_footer_widgets":"","ocean_shortcode_after_footer_widgets":"","ocean_shortcode_before_footer_bottom":"","ocean_shortcode_after_footer_bottom":"","ocean_display_top_bar":"default","ocean_display_header":"default","ocean_header_style":"","ocean_center_header_left_menu":"","ocean_custom_header_template":"","ocean_custom_logo":0,"ocean_custom_retina_logo":0,"ocean_custom_logo_max_width":0,"ocean_custom_logo_tablet_max_width":0,"ocean_custom_logo_mobile_max_width":0,"ocean_custom_logo_max_height":0,"ocean_custom_logo_tablet_max_height":0,"ocean_custom_logo_mobile_max_height":0,"ocean_header_custom_menu":"","ocean_menu_typo_font_family":"","ocean_menu_typo_font_subset":"","ocean_menu_typo_font_size":0,"ocean_menu_typo_font_size_tablet":0,"ocean_menu_typo_font_size_mobile":0,"ocean_menu_typo_font_size_unit":"px","ocean_menu_typo_font_weight":"","ocean_menu_typo_font_weight_tablet":"","ocean_menu_typo_font_weight_mobile":"","ocean_menu_typo_transform":"","ocean_menu_typo_transform_tablet":"","ocean_menu_typo_transform_mobile":"","ocean_menu_typo_line_height":0,"ocean_menu_typo_line_height_tablet":0,"ocean_menu_typo_line_height_mobile":0,"ocean_menu_typo_line_height_unit":"","ocean_menu_typo_spacing":0,"ocean_menu_typo_spacing_tablet":0,"ocean_menu_typo_spacing_mobile":0,"ocean_menu_typo_spacing_unit":"","ocean_menu_link_color":"","ocean_menu_link_color_hover":"","ocean_menu_link_color_active":"","ocean_menu_link_background":"","ocean_menu_link_hover_background":"","ocean_menu_link_active_background":"","ocean_menu_social_links_bg":"","ocean_menu_social_hover_links_bg":"","ocean_menu_social_links_color":"","ocean_menu_social_hover_links_color":"","ocean_disable_title":"default","ocean_disable_heading":"default","ocean_post_title":"","ocean_post_subheading":"","ocean_post_title_style":"","ocean_post_title_background_color":"","ocean_post_title_background":0,"ocean_post_title_bg_image_position":"","ocean_post_title_bg_image_attachment":"","ocean_post_title_bg_image_repeat":"","ocean_post_title_bg_image_size":"","ocean_post_title_height":0,"ocean_post_title_bg_overlay":0.5,"ocean_post_title_bg_overlay_color":"","ocean_disable_breadcrumbs":"default","ocean_breadcrumbs_color":"","ocean_breadcrumbs_separator_color":"","ocean_breadcrumbs_links_color":"","ocean_breadcrumbs_links_hover_color":"","ocean_display_footer_widgets":"default","ocean_display_footer_bottom":"default","ocean_custom_footer_template":"","ocean_post_oembed":"","ocean_post_self_hosted_media":"","ocean_post_video_embed":"","ocean_link_format":"","ocean_link_format_target":"self","ocean_quote_format":"","ocean_quote_format_link":"post","ocean_gallery_link_images":"off","ocean_gallery_id":[],"footnotes":""},"categories":[4],"tags":[1643,1637,543,1635,1633,1645,1647,1641,1639,1631,324],"class_list":["post-2384","post","type-post","status-publish","format-standard","has-post-thumbnail","hentry","category-blog","tag-blog-pl","tag-jak-nauczyc-dziecko-odpowiedzialnosci","tag-macierzynstwo-pl","tag-nauka-odpowiedzialnosci","tag-obowiazek","tag-odpowiedzialnosc-pl","tag-rodzice-pl","tag-swiadoma-mama","tag-trudy-wychowania","tag-wspolczesne-dzieciaki","tag-wychowanie-pl","entry","has-media"],"aioseo_notices":[],"_links":{"self":[{"href":"http:\/\/oktorejkawa.com\/index.php?rest_route=\/wp\/v2\/posts\/2384","targetHints":{"allow":["GET"]}}],"collection":[{"href":"http:\/\/oktorejkawa.com\/index.php?rest_route=\/wp\/v2\/posts"}],"about":[{"href":"http:\/\/oktorejkawa.com\/index.php?rest_route=\/wp\/v2\/types\/post"}],"author":[{"embeddable":true,"href":"http:\/\/oktorejkawa.com\/index.php?rest_route=\/wp\/v2\/users\/5"}],"replies":[{"embeddable":true,"href":"http:\/\/oktorejkawa.com\/index.php?rest_route=%2Fwp%2Fv2%2Fcomments&post=2384"}],"version-history":[{"count":4,"href":"http:\/\/oktorejkawa.com\/index.php?rest_route=\/wp\/v2\/posts\/2384\/revisions"}],"predecessor-version":[{"id":2391,"href":"http:\/\/oktorejkawa.com\/index.php?rest_route=\/wp\/v2\/posts\/2384\/revisions\/2391"}],"wp:featuredmedia":[{"embeddable":true,"href":"http:\/\/oktorejkawa.com\/index.php?rest_route=\/wp\/v2\/media\/2386"}],"wp:attachment":[{"href":"http:\/\/oktorejkawa.com\/index.php?rest_route=%2Fwp%2Fv2%2Fmedia&parent=2384"}],"wp:term":[{"taxonomy":"category","embeddable":true,"href":"http:\/\/oktorejkawa.com\/index.php?rest_route=%2Fwp%2Fv2%2Fcategories&post=2384"},{"taxonomy":"post_tag","embeddable":true,"href":"http:\/\/oktorejkawa.com\/index.php?rest_route=%2Fwp%2Fv2%2Ftags&post=2384"}],"curies":[{"name":"wp","href":"https:\/\/api.w.org\/{rel}","templated":true}]}}